{"id":5262,"date":"2012-05-28T16:06:48","date_gmt":"2012-05-28T14:06:48","guid":{"rendered":"http:\/\/archivio.comune.potenza.it\/comune_wp\/?p=5262"},"modified":"2012-05-28T16:06:48","modified_gmt":"2012-05-28T14:06:48","slug":"il-presidente-dell-acta-iacobuzio-ascoltato-in-vi-commissione","status":"publish","type":"post","link":"https:\/\/archivio.comune.potenza.it\/?p=5262","title":{"rendered":"Il presidente dell\u2019Acta Iacobuzio ascoltato in VI Commissione"},"content":{"rendered":"<p style=\"text-align: justify;\"><span style=\"color: black;\"><img decoding=\"async\" src=\"images\/phocagallery\/sesta.jpg\" border=\"0\" style=\"border: 0; float: left; margin: 10px;\" \/>\u201cL\u2019opposizione ha chiesto di ascoltare il presidente Acta in commissione, quindi ho ritenuto di invitarlo per fare il punto della situazione\u201d cos\u00ec Antonio Losasso presidente della VI Commissione consiliare permanente, a margine della seduta che ha visto il presidente\u00a0\u00a0Domenico Iacobuzio esaminare la situazione attuale dell\u2019Acta e i ritardi nella raccolta registratisi nei giorni scorsi. Il presidente Iacobuzio ha evidenziato come \u201ca una situazione complicata per quel che riguardava il conferimento dei rifiuti nel Centro di trasferenza di Tito e nelle discariche, si sono sommate le difficolt\u00e0 che abbiamo avuto fino al 16 maggio scorso per conferire sia a Venosa che a Fenice, fortunatamente superate. Il progetto Conai \u00e8 pronto, si resta in attesa dei finanziamenti necessari\u201d.<\/span><span style=\"color: black;\">\u201cIl disagio della raccolta ritardata \u2013 ha aggiunto Losasso \u2013 si \u00e8 riverberato particolarmente sulle postazioni periferiche della citt\u00e0, laddove ci si \u00e8 trovati dinanzi a vere e proprie mini discariche. Credo che la polizia locale e gli ispettori ambientali debbano intensificare i controlli in quelle situazioni, per evitare che comportamenti illeciti, come l\u2019abbandono di rifiuti ingombranti o particolarmente inquinanti, vadano ad aggravare una situazione gi\u00e0 problematica\u201d.<\/span><\/p>\n<p style=\"text-align: justify;\">\u00a0<\/p>\n","protected":false},"excerpt":{"rendered":"<p>\u201cL\u2019opposizione ha chiesto di ascoltare il presidente Acta in commissione, quindi ho ritenuto di invitarlo per fare il punto della situazione\u201d cos\u00ec Antonio Losasso presidente &#8230; <\/p>\n","protected":false},"author":1,"featured_media":0,"comment_status":"closed","ping_status":"closed","sticky":false,"template":"single-sidebar.php","format":"standard","meta":{"footnotes":""},"categories":[63],"tags":[],"class_list":["post-5262","post","type-post","status-publish","format-standard","hentry","category-news"],"_links":{"self":[{"href":"https:\/\/archivio.comune.potenza.it\/index.php?rest_route=\/wp\/v2\/posts\/5262"}],"collection":[{"href":"https:\/\/archivio.comune.potenza.it\/index.php?rest_route=\/wp\/v2\/posts"}],"about":[{"href":"https:\/\/archivio.comune.potenza.it\/index.php?rest_route=\/wp\/v2\/types\/post"}],"author":[{"embeddable":true,"href":"https:\/\/archivio.comune.potenza.it\/index.php?rest_route=\/wp\/v2\/users\/1"}],"replies":[{"embeddable":true,"href":"https:\/\/archivio.comune.potenza.it\/index.php?rest_route=%2Fwp%2Fv2%2Fcomments&post=5262"}],"version-history":[{"count":0,"href":"https:\/\/archivio.comune.potenza.it\/index.php?rest_route=\/wp\/v2\/posts\/5262\/revisions"}],"wp:attachment":[{"href":"https:\/\/archivio.comune.potenza.it\/index.php?rest_route=%2Fwp%2Fv2%2Fmedia&parent=5262"}],"wp:term":[{"taxonomy":"category","embeddable":true,"href":"https:\/\/archivio.comune.potenza.it\/index.php?rest_route=%2Fwp%2Fv2%2Fcategories&post=5262"},{"taxonomy":"post_tag","embeddable":true,"href":"https:\/\/archivio.comune.potenza.it\/index.php?rest_route=%2Fwp%2Fv2%2Ftags&post=5262"}],"curies":[{"name":"wp","href":"https:\/\/api.w.org\/{rel}","templated":true}]}}