{"id":5269,"date":"2012-05-30T11:21:34","date_gmt":"2012-05-30T09:21:34","guid":{"rendered":"http:\/\/archivio.comune.potenza.it\/comune_wp\/?p=5269"},"modified":"2012-05-30T11:21:34","modified_gmt":"2012-05-30T09:21:34","slug":"parata-dei-turchi-il-giorno-dopo-il-commento-del-sindaco-santarsiero","status":"publish","type":"post","link":"https:\/\/archivio.comune.potenza.it\/?p=5269","title":{"rendered":"Parata dei Turchi il giorno dopo: il commento del Sindaco Santarsiero"},"content":{"rendered":"<p style=\"text-align: justify;\"><span style=\"font-family: 'Times New Roman', serif;\">\u201cE\u2019 stata una edizione memorabile della Parata dei Turchi, mirabile sintesi di storia, arte, tradizione e fede nonch\u00e9 entusiasmante momento finale di giornate che hanno visto protagonista la Citt\u00e0, il suo Centro storico, la sua identit\u00e0.\u201d<\/span><span style=\"font-family: 'Times New Roman', serif;\">Cos\u00ec il Sindaco di Potenza, Vito Santarsiero, all\u2019indomani della Storica Parata dei Turchi.<\/span><span style=\"font-family: 'Times New Roman', serif;\">\u201cI tre Quadri del 1100, 1500 e 1800 con i 900 figuranti \u2013 continua- perfettamente organizzati hanno consentito una adeguata rappresentazione di un evento sempre pi\u00f9 radicato nella nostra comunit\u00e0 e sempre pi\u00f9 apprezzato dalle altre.<\/span><span style=\"font-family: 'Times New Roman', serif;\">La Parata dei Turchi , gi\u00e0 riconosciuta come Patrimonio d\u2019Italia per la tradizione, si candida quest\u2019anno a Patrimonio immateriale dell\u2019Unesco.\u201d<\/span><span style=\"font-family: 'Times New Roman', serif;\">Ancora numeri importanti quelli che hanno caratterizzato la Parata Storica dei Turchi: oltre 60.000 passaggi nelle scale mobili, 900 figuranti, 100.000 persone lungo il percorso, quasi tre ore di diretta via satellitare, su web streaming, sui social network che hanno consentito anche ai molti lucani nel mondo sparsi in Italia e nel mondo di poter assistere indirettamente all\u2019evento, tantissimi infine i turisti provenienti dalla Regione e sempre pi\u00f9 numerosi anche quelli provenienti da fuori regione.<\/span><span style=\"font-family: 'Times New Roman', serif;\">Da sottolineare il grande entusiasmo dei figuranti e dei tanti cittadini presenti al Campo Viviani dove si \u00e8 svolta la fase di raccolta e avvio della Parata.<\/span><span style=\"font-family: 'Times New Roman', serif;\">Il Sindaco Santarsiero ringrazia quanti hanno consentito di cogliere questo risultato: gli Uffici Comunali con in testa l\u2019Ufficio Cultura,\u00a0 l\u2019Ufficio Stampa, l&#8217;Ufficio Turistico ,l\u2019Ufficio Energia, Polizia locale, Protezione civile, il Comitato storico scientifico e la sua Presidente dott.ssa Pellettieri, l\u2019APT, le Associazioni culturali (Accademia dei Due Mondi, Accademia musicale lucana, Cidi, Coro polifonico Melos,\u00a0 Io Potentino, I Portatori della Iaccara,\u00a0 I Portatori del Santo, Lucus, Potenzialmente Onlus, Prima Persona, San Gerardo La Porta, Sintetika), le Forze dell\u2019Ordine (Polizia, Carabinieri, Finanza, Corpo Forestale dello Stato, Polizia Provinciale, Vigili del Fuoco), Acta, Cotrab, Croce Rossa Italiana, 118, Ospedale San Carlo, Associazioni di Protezione civile, la Motor France Peugeot e tutti gli altri sponsor della manifestazione.<\/span><span style=\"font-family: 'Times New Roman', serif;\">L\u20191 giugno al Teatro Stabile alle ore 18 si proceder\u00e0 alla estrazione dei biglietti vincenti della Lotteria della Storica Parata dei Turchi.<\/span><\/p>\n<p class=\"MsoNormal\" style=\"text-align: justify;\"><span style=\"mso-bidi-font-size: 12.0pt; font-family: 'Times New Roman','serif';\">\u00a0<\/span><\/p>\n","protected":false},"excerpt":{"rendered":"<p>\u201cE\u2019 stata una edizione memorabile della Parata dei Turchi, mirabile sintesi di storia, arte, tradizione e fede nonch\u00e9 entusiasmante momento finale di giornate che hanno &#8230; <\/p>\n","protected":false},"author":1,"featured_media":0,"comment_status":"closed","ping_status":"closed","sticky":false,"template":"single-sidebar.php","format":"standard","meta":{"footnotes":""},"categories":[63],"tags":[],"class_list":["post-5269","post","type-post","status-publish","format-standard","hentry","category-news"],"_links":{"self":[{"href":"https:\/\/archivio.comune.potenza.it\/index.php?rest_route=\/wp\/v2\/posts\/5269"}],"collection":[{"href":"https:\/\/archivio.comune.potenza.it\/index.php?rest_route=\/wp\/v2\/posts"}],"about":[{"href":"https:\/\/archivio.comune.potenza.it\/index.php?rest_route=\/wp\/v2\/types\/post"}],"author":[{"embeddable":true,"href":"https:\/\/archivio.comune.potenza.it\/index.php?rest_route=\/wp\/v2\/users\/1"}],"replies":[{"embeddable":true,"href":"https:\/\/archivio.comune.potenza.it\/index.php?rest_route=%2Fwp%2Fv2%2Fcomments&post=5269"}],"version-history":[{"count":0,"href":"https:\/\/archivio.comune.potenza.it\/index.php?rest_route=\/wp\/v2\/posts\/5269\/revisions"}],"wp:attachment":[{"href":"https:\/\/archivio.comune.potenza.it\/index.php?rest_route=%2Fwp%2Fv2%2Fmedia&parent=5269"}],"wp:term":[{"taxonomy":"category","embeddable":true,"href":"https:\/\/archivio.comune.potenza.it\/index.php?rest_route=%2Fwp%2Fv2%2Fcategories&post=5269"},{"taxonomy":"post_tag","embeddable":true,"href":"https:\/\/archivio.comune.potenza.it\/index.php?rest_route=%2Fwp%2Fv2%2Ftags&post=5269"}],"curies":[{"name":"wp","href":"https:\/\/api.w.org\/{rel}","templated":true}]}}