{"id":5307,"date":"2012-06-04T16:19:31","date_gmt":"2012-06-04T14:19:31","guid":{"rendered":"http:\/\/archivio.comune.potenza.it\/comune_wp\/?p=5307"},"modified":"2012-06-04T16:19:31","modified_gmt":"2012-06-04T14:19:31","slug":"santarsiero-interviene-su-giustizia","status":"publish","type":"post","link":"https:\/\/archivio.comune.potenza.it\/?p=5307","title":{"rendered":"Santarsiero interviene  su giustizia"},"content":{"rendered":"<p class=\"s12\" style=\"margin-top: 0px; margin-bottom: 0px; line-height: 1.2; text-align: justify;\"><span class=\"s8\" style=\"line-height: 14px; font-size: 12px;\">\u201cInvito tutti a leggere il\u00a0<\/span><span class=\"s8\" style=\"line-height: 14px; font-size: 12px;\">volume del Presidente Vietti<\/span><span class=\"s8\" style=\"line-height: 14px; font-size: 12px;\">,<\/span><span class=\"s8\" style=\"line-height: 14px; font-size: 12px;\">\u00a0di grande interesse<\/span><span class=\"s8\" style=\"line-height: 14px; font-size: 12px;\">\u00a0che<\/span><span class=\"s8\" style=\"line-height: 14px; font-size: 12px;\">\u00a0affronta con grande chiarezza i temi della crisi della giustizia in Italia che si va sempre pi\u00f9 trasformando in una situazione di vera ingiustizia che danneggia l\u2019intero Paese e che ha gi\u00e0 portato l\u2019Europa ad un formale richiamo per un sistema giudiziario ingolfato che non garantisce una giustizia effettiva ai cittadini.<\/span><span class=\"s8\" style=\"line-height: 14px; font-size: 12px;\">\u201d Cos\u00ec il Sindaco di Potenza, Vito Santarsiero, intervenendo alla presentazione del volume La Fatica dei Giusti di Michele Vietti, vice Presidente del CSM, svoltasi al Teatro Stabile.<\/span><span class=\"s8\" style=\"line-height: 14px; font-size: 12px;\"><br \/><\/span><span class=\"s8\" style=\"line-height: 14px; font-size: 12px;\">\u201c<\/span><span class=\"s8\" style=\"line-height: 14px; font-size: 12px;\">Il volume\u00a0<\/span><span class=\"s8\" style=\"line-height: 14px; font-size: 12px;\">\u2013ha detto Santarsiero-\u00a0<\/span><span class=\"s8\" style=\"line-height: 14px; font-size: 12px;\">con grande chiarezza accompagna il lettore dentro tale situazione, specifica le dimensioni e le caratteristiche della crisi, offre valutazioni e proposte e lascia sia elementi di speranza che di preoccupazione. I numeri della situazione giustizia sono per certi versi impressionanti, 5,6 milioni di cause civili e 3,3 milioni di processi penali pendenti con durate nell\u2019ordine per il civile che arrivano a 2400 giorni per l\u2019appello e per il penale 1400 giorni fino al processo di secondo grado, una situazione che ci colloca al 157\u00b0 posto su 183 Paesi in una graduatoria della banca mondiale, con tutti i Paesi dell\u2019OCSE collocati nei primi 50 posti.<\/span><span class=\"s8\" style=\"line-height: 14px; font-size: 12px;\"><br \/><\/span><span class=\"s8\" style=\"line-height: 14px; font-size: 12px;\">Sorprendente anche il numero degli avvocati che ci colloca al primo posto in Europa con 346 unit\u00e0 ogni 100 mila abitanti contro i 102 della Francia.<\/span><span class=\"s8\" style=\"line-height: 14px; font-size: 12px;\">\u00a0<\/span><span class=\"s8\" style=\"line-height: 14px; font-size: 12px;\">Di contro\u00a0<\/span><span class=\"s8\" style=\"line-height: 14px; font-size: 12px;\">\u2013 ha aggiunto-\u00a0<\/span><span class=\"s8\" style=\"line-height: 14px; font-size: 12px;\">viene confermato nel testo un rapporto magistrati\/popolazione tra i pi\u00f9 bassi in Europa e viene evidenziato come sia alta la produttivit\u00e0 dei nostri Magistrati che si collocano al primo posto nel penale e al secondo posto nel civile.\u00a0<\/span><span class=\"s8\" style=\"line-height: 14px; font-size: 12px;\">Interessanti nel volume anche tutte le parti dedicate ai percorsi formativi dei magistrati nonch\u00e9 al rigoroso sistema disciplinare del CSM.<\/span><span class=\"s8\" style=\"line-height: 14px; font-size: 12px;\">\u00a0<\/span><span class=\"s8\" style=\"line-height: 14px; font-size: 12px;\">Il volume evidenzia come nel nostro Paese ci sia una sovrapproduzione di \u201cfigure di reato\u201d ed una eccessiva presenza di norme che si accavallano generando confusione ed incertezze, tali da determinare, come cita lo stesso Vietti, sia il rischio di arbitrio \u00a0dei PM sia una condizione per cui la neutralit\u00e0 sognata da Montesquieu e Marshall \u00a0\u201c\u00e8 divenuta impossibile\u201d. E\u2019 evidente che tale situazione\u00a0<\/span><span class=\"s8\" style=\"line-height: 14px; font-size: 12px;\">determina<\/span><span class=\"s8\" style=\"line-height: 14px; font-size: 12px;\">\u00a0condizion<\/span><span class=\"s8\" style=\"line-height: 14px; font-size: 12px;\">i<\/span><span class=\"s8\" style=\"line-height: 14px; font-size: 12px;\">\u00a0<\/span><span class=\"s8\" style=\"line-height: 14px; font-size: 12px;\">di<\/span><span class=\"s8\" style=\"line-height: 14px; font-size: 12px;\">\u00a0tensioni e conflitti\u00a0<\/span><span class=\"s8\" style=\"line-height: 14px; font-size: 12px;\">tra Giustizia, societ\u00e0 e politica e la percezione di una invasivit\u00e0.<\/span><span class=\"s8\" style=\"line-height: 14px; font-size: 12px;\">\u00a0<\/span><span class=\"s8\" style=\"line-height: 14px; font-size: 12px;\">La riforma della Giustizia non potr\u00e0 che essere ispirata in primis ad una reale semplificazione di norme e leggi presenti nel nostro Paese. Per il resto dovr\u00e0 avvenire, come pure sottolinea il Presidente Vietti, nello spirito della Costituzione sia per conservare un comune terreno etico e culturale sia per avere la garanzia della autonomia della Magistratura che va considerata un elemento da difendere e tutelare per garantire al Paese crescita civile e democratica.<\/span><span class=\"s8\" style=\"line-height: 14px; font-size: 12px;\">\u201d<\/span><span class=\"s8\" style=\"line-height: 14px; font-size: 12px;\">Anche rispetto alla separazione delle carriere\u00a0<\/span><span class=\"s8\" style=\"line-height: 14px; font-size: 12px;\">il Sindaco\u00a0<\/span><span class=\"s8\" style=\"line-height: 14px; font-size: 12px;\">Santarsiero si \u00e8 dichiarato favorevole alle considerazioni presenti nel libro per cui\u00a0<\/span><span class=\"s8\" style=\"line-height: 14px; font-size: 12px;\">\u201c<\/span><span class=\"s8\" style=\"line-height: 14px; font-size: 12px;\">non \u00e8 essa n\u00e9 causa del malessere della giustizia n\u00e9 soluzione del problema e resta comunque indubbia la terziet\u00e0 del giudice pur condividendo con il PM l\u2019accesso alla carriera e il far capo ad uno stesso organo di autogoverno.<\/span><span class=\"s8\" style=\"line-height: 14px; font-size: 12px;\">\u201d<\/span><\/p>\n<p class=\"s12\" style=\"margin-top: 0px; margin-bottom: 0px; line-height: 1.2; text-align: justify;\"><span class=\"s8\" style=\"line-height: 14px; font-size: 12px;\">Infine Santarsiero ha sottolineato che \u201cuna vera riforma passa attraverso una presa d\u2019atto di tale difficile situazione sia da parte della politica che della Magistratura e dalla capacit\u00e0 di mettere da parte elementi di scontro e di diffidenza per arrivare ad una condivisa proposta per la tutela dei cittadini per la costruzione del bene comune.<\/span><span class=\"s8\" style=\"line-height: 14px; font-size: 12px;\">\u201d<\/span><\/p>\n","protected":false},"excerpt":{"rendered":"<p>\u201cInvito tutti a leggere il\u00a0volume del Presidente Vietti,\u00a0di grande interesse\u00a0che\u00a0affronta con grande chiarezza i temi della crisi della giustizia in Italia che si va sempre &#8230; <\/p>\n","protected":false},"author":1,"featured_media":0,"comment_status":"closed","ping_status":"closed","sticky":false,"template":"single-sidebar.php","format":"standard","meta":{"footnotes":""},"categories":[63],"tags":[],"class_list":["post-5307","post","type-post","status-publish","format-standard","hentry","category-news"],"_links":{"self":[{"href":"https:\/\/archivio.comune.potenza.it\/index.php?rest_route=\/wp\/v2\/posts\/5307"}],"collection":[{"href":"https:\/\/archivio.comune.potenza.it\/index.php?rest_route=\/wp\/v2\/posts"}],"about":[{"href":"https:\/\/archivio.comune.potenza.it\/index.php?rest_route=\/wp\/v2\/types\/post"}],"author":[{"embeddable":true,"href":"https:\/\/archivio.comune.potenza.it\/index.php?rest_route=\/wp\/v2\/users\/1"}],"replies":[{"embeddable":true,"href":"https:\/\/archivio.comune.potenza.it\/index.php?rest_route=%2Fwp%2Fv2%2Fcomments&post=5307"}],"version-history":[{"count":0,"href":"https:\/\/archivio.comune.potenza.it\/index.php?rest_route=\/wp\/v2\/posts\/5307\/revisions"}],"wp:attachment":[{"href":"https:\/\/archivio.comune.potenza.it\/index.php?rest_route=%2Fwp%2Fv2%2Fmedia&parent=5307"}],"wp:term":[{"taxonomy":"category","embeddable":true,"href":"https:\/\/archivio.comune.potenza.it\/index.php?rest_route=%2Fwp%2Fv2%2Fcategories&post=5307"},{"taxonomy":"post_tag","embeddable":true,"href":"https:\/\/archivio.comune.potenza.it\/index.php?rest_route=%2Fwp%2Fv2%2Ftags&post=5307"}],"curies":[{"name":"wp","href":"https:\/\/api.w.org\/{rel}","templated":true}]}}