{"id":5315,"date":"2012-06-06T11:10:29","date_gmt":"2012-06-06T09:10:29","guid":{"rendered":"http:\/\/archivio.comune.potenza.it\/comune_wp\/?p=5315"},"modified":"2012-06-06T11:10:29","modified_gmt":"2012-06-06T09:10:29","slug":"carretta-pd-su-situazione-rifiuti-in-citta","status":"publish","type":"post","link":"https:\/\/archivio.comune.potenza.it\/?p=5315","title":{"rendered":"Carretta (PD) su situazione rifiuti in citt\u00e0"},"content":{"rendered":"<p style=\"text-align: justify;\">&#8220;La difficile situazione di raccolta dei rifiuti continua ad essere causata dalla subordinazione del capoluogo di Regione ai comuni che si fanno carico dello smaltimento.&#8221; Lo sostiene il capogruppo del PD, Gianpaolo Carretta aggiungendo che &#8220;l\u2019ultima volta si \u00e8 verificato il problema a causa di un blocco nella discarica di Venosa, e finch\u00e9 il capoluogo di Regione non si riapproprier\u00e0 della discarica di Pallareta, o di una nuova discarica che servir\u00e0 il bacino di Potenza centro, continuer\u00e0 sempre ad essere subordinata alle volont\u00e0 dei comuni adibiti a questo scopo, ai quali si aggiunge la stazione di trasferenza di Tito, presso la quale non \u00e8 pi\u00f9 possibile conferire totalmente i rifiuti, a causa di una riduzione dei quantitativi da trasportare presso i siti di recapito finale, e per il suo collasso dovuto anche all\u2019accumulo dei rifiuti provenienti da numerosi altri comuni dell\u2019hinterland.\u00a0Il problema dello smaltimento &#8211; continua- non \u00e8 purtroppo di immediata soluzione, perch\u00e9 i tempi tecnici e burocratici necessari per mettere in campo una nuova strategia di raccolta e smaltimento, sono destinati ad essere quanto meno di medio periodo.Le difficolt\u00e0 da affrontare rimangono sempre di ordine strategico: riconvertire l\u2019inceneritore in termovalorizzatore di nuova generazione; ampliare la discarica di Pallareta o ottenere l\u2019autorizzazione regionale per realizzare una nuova che possa servire il bacino di Potenza centro; continuare con la campagna di sensibilizzazione ed educazione dei cittadini, incrementando la raccolta differenziata, che al momento vanta una percentuale del 28%, e inaugurando quella porta a porta, di cui si attendono i finanziamenti regionali, per raggiungere finalmente l\u2019autonomia del servizio.Infatti, la soluzione della raccolta porta a porta porterebbe la citt\u00e0 di Potenza ai livelli delle citt\u00e0 europee, dove il sistema di raccolta domiciliare \u00e8 gi\u00e0 in atto da tempo, con grandi risultati, sia dal punto di vista estetico, con l\u2019eliminazione dei cassonetti dalle strade, sia da quello prettamente igienico.<br \/>Potenza, in quanto citt\u00e0 capoluogo di Regione, &#8211; conclude- riveste un ruolo importante per tutto il comprensorio e deve poter erogare efficienti servizi ai residenti e a tutti coloro che quotidianamente raggiungono la citt\u00e0 dall\u2019hinterland o da zone pi\u00f9 lontane della regione, per cui \u00e8 auspicabile che siano prese al pi\u00f9 presto decisioni interistituzionali in merito ad un\u2019eventuale strategia complessiva, soprattutto di tipo economico, che va da chi mette a disposizione i propri impianti, alla gestione della raccolta \u201cporta a porta\u201d, all\u2019educazione alla raccolta differenziata dei cittadini e all\u2019autorizzazione di una nuova discarica che possa rispondere alle esigenze del Capoluogo di Regione e di tutto il bacino centro della provincia di Potenza.&#8221;<\/p>\n","protected":false},"excerpt":{"rendered":"<p>&#8220;La difficile situazione di raccolta dei rifiuti continua ad essere causata dalla subordinazione del capoluogo di Regione ai comuni che si fanno carico dello smaltimento.&#8221; &#8230; <\/p>\n","protected":false},"author":1,"featured_media":0,"comment_status":"closed","ping_status":"closed","sticky":false,"template":"single-sidebar.php","format":"standard","meta":{"footnotes":""},"categories":[63],"tags":[],"class_list":["post-5315","post","type-post","status-publish","format-standard","hentry","category-news"],"_links":{"self":[{"href":"https:\/\/archivio.comune.potenza.it\/index.php?rest_route=\/wp\/v2\/posts\/5315"}],"collection":[{"href":"https:\/\/archivio.comune.potenza.it\/index.php?rest_route=\/wp\/v2\/posts"}],"about":[{"href":"https:\/\/archivio.comune.potenza.it\/index.php?rest_route=\/wp\/v2\/types\/post"}],"author":[{"embeddable":true,"href":"https:\/\/archivio.comune.potenza.it\/index.php?rest_route=\/wp\/v2\/users\/1"}],"replies":[{"embeddable":true,"href":"https:\/\/archivio.comune.potenza.it\/index.php?rest_route=%2Fwp%2Fv2%2Fcomments&post=5315"}],"version-history":[{"count":0,"href":"https:\/\/archivio.comune.potenza.it\/index.php?rest_route=\/wp\/v2\/posts\/5315\/revisions"}],"wp:attachment":[{"href":"https:\/\/archivio.comune.potenza.it\/index.php?rest_route=%2Fwp%2Fv2%2Fmedia&parent=5315"}],"wp:term":[{"taxonomy":"category","embeddable":true,"href":"https:\/\/archivio.comune.potenza.it\/index.php?rest_route=%2Fwp%2Fv2%2Fcategories&post=5315"},{"taxonomy":"post_tag","embeddable":true,"href":"https:\/\/archivio.comune.potenza.it\/index.php?rest_route=%2Fwp%2Fv2%2Ftags&post=5315"}],"curies":[{"name":"wp","href":"https:\/\/api.w.org\/{rel}","templated":true}]}}