{"id":5316,"date":"2012-06-06T11:41:52","date_gmt":"2012-06-06T09:41:52","guid":{"rendered":"http:\/\/archivio.comune.potenza.it\/comune_wp\/?p=5316"},"modified":"2012-06-06T11:41:52","modified_gmt":"2012-06-06T09:41:52","slug":"entro-giugno-2013-terminata-riqualificazione-parco-fluviale-del-basento","status":"publish","type":"post","link":"https:\/\/archivio.comune.potenza.it\/?p=5316","title":{"rendered":"Entro giugno 2013 pronto Parco Fluviale Basento"},"content":{"rendered":"<p style=\"text-align: justify;\"><span style=\"font-family: 'Times New Roman','serif';\"><img decoding=\"async\" src=\"images\/phocagallery\/parco%20basento.jpg\" border=\"0\" style=\"border: 0; float: left; margin: 10px;\" \/>Sono in corso i lavori di riqualificazione e recupero del Parco fluviale del Basento. Progettisti sono gli architetti \u00a0Mauro S\u00e0ito (capogruppo), R. Argento,\u00a0 F. D&#8217;Elia, i geometri \u00a0A. Donati, C. Donati, il geol. P. Lorenzo, l\u2019ing. S.Manfreda, il dott. agr. G. Pecoraro, gli ing. S. Tomassi, ing. G. Tonti. <\/span><span style=\"mso-bidi-font-size: 12.0pt; font-family: 'Times New Roman','serif'; mso-fareast-language: ZH-CN; mso-bidi-font-weight: bold;\">Progettazione e Direzione lavori: Comune di Potenza Ufficio Qualit\u00e0 urbana,Dirigente Responsabile Unico del Procedimento: arch. Giancarlo Grano,Direttore dei lavori: arch. Mauro Saito.\u00a0<\/span><span style=\"font-family: 'Times New Roman','serif';\">I lavori per un finanziamento di \u20ac1.500.000,00 con Fondi <\/span><span style=\"font-family: 'Times New Roman','serif'; mso-fareast-language: ZH-CN; mso-bidi-font-weight: bold;\">\u00a0P.O.R. 2000-2006 sono stati aggiudicati alla impresa PACE ROCCO COSTRUZIONI S.r.l. \u2013 EUROCONTAINERS EUROPE S.r.l. (Potenza). Durata dei lavori 360 (trecentosessanta) giorni, ultimazione dei lavori giugno 2013.<br \/>Il progetto \u00e8 stato illustrato nel corso di un incontro con i giornalisti, dal sindaco di Potenza, Vito Santarsiero, dal presidente della VI commissione consiliare, Antonio Losasso, dall&#8217;assessore all&#8217;ambiente, Nicola Lovallo, e dagli architetti \u00a0che hanno redatto il progetto. Invitati e presenti i rappresentanti delle associazioni WWF, Legambiente e Movimento Azzurro.<br \/><\/span><span style=\"font-family: 'Times New Roman', serif; text-indent: 0cm;\">L&#8217;intervento &#8211; ha detto Santarsiero &#8211; si inserisce in un contesto ampio che parte da uno dei due pilastri del regolamento urbanistico, mobilit\u00e0 e verde e per questo secondo aspetto l&#8217;obiettivo \u00e8 particolarmente ambizioso e riguarda tutta la citt\u00e0 con parchi collegati tra loro&#8221;.\u00a0<\/span><span style=\"font-family: 'Times New Roman', serif; text-indent: 0cm;\">Annunciati nel corso dell&#8217;incontro altri passaggi del progetto pi\u00f9 vasto, dall&#8217;area Ex Cip Zoo, al completamento, nelle prossime settimane, del parco di Macchia Romana, al collegamento dell&#8217;area archeologica fluviale con il parco del Pantano, a Pignola. &#8220;L&#8217;idea -ha detto Santarsiero- \u00e8 quella di mettere a regime un sistema di circa 35 ettari verdi \u00a0per un grande obiettivo di vivibilit\u00e0.&#8221;<\/span><\/p>\n<p style=\"text-align: justify;\"><span style=\"text-indent: 0cm; font-family: 'Times New Roman', serif;\">Il Progetto esecutivo <\/span><span style=\"text-indent: 0cm; font-family: 'Times New Roman', serif;\">per la Riqualificazione ed il Recupero del \u201c<em>Parco Fluviale del Basento\u201d<\/em> <\/span><span style=\"text-indent: 0cm; font-family: 'Times New Roman', serif;\">si compone di un primo stralcio funzionale da realizzare con l\u2019importo finanziato e di uno stralcio di completamento <\/span><span style=\"text-indent: 0cm; font-family: 'Times New Roman', serif;\">nell\u2019area del parco compresa tra Ponte Musmeci e Ponte San Vito.<\/span><span style=\"font-family: 'Times New Roman','serif';\">Inoltre, \u00e8 corredato da un progetto generale<\/span><span style=\"font-family: 'Times New Roman','serif'; mso-fareast-language: ZH-CN;\"> che, nell\u2019ottica di potenziamento della fruibilit\u00e0 e del ruolo urbano del parco, propone l\u2019ampliamento dell\u2019intervento di riqualificazione fino ai due limiti naturali del tratto urbano del <\/span><span style=\"font-family: 'Times New Roman','serif';\">fiume <\/span><span style=\"font-family: 'Times New Roman','serif'; mso-fareast-language: ZH-CN;\">Basento &#8211; gli affluenti Riofreddo ad est e Gallitello ad ovest &#8211; includendo l\u2019area archeologica rinvenuta recentemente. Lo studio ha l\u2019obiettivo di trasformare l\u2019attuale \u201ccesura\u201d urbana costituita dal fiume in un\u2019area verde di <\/span><span style=\"font-family: 'Times New Roman','serif';\">connessione urbana, con la c<\/span><span style=\"font-family: 'Times New Roman','serif'; mso-fareast-font-family: SimSun;\">reazione di un modello di recupero integrato replicabile per riqualificare l\u2019area e l&#8217;intero sistema fluviale, con il recupero e rigenerazione naturalistica del parco. Mantenimento e protezione delle bio-diversit\u00e0, il miglioramento delle relazioni con il contesto e recupero della memoria dei luoghi, il miglioramento del sistema della mobilit\u00e0 interna e della fruibilit\u00e0 dei luoghi, l\u2019offerta di servizi e spazi per il tempo libero.\u00a0<\/span><span style=\"font-family: 'Times New Roman', serif; line-height: normal;\">Previsti interventi diffusi di miglioramento e manutenzione dell\u2019impianto vegetazionale, dei muri di margine, degli accessi al Parco, dell\u2019esistente percorso-passeggiata \u201cVita\u201d e di nuove aree attrezzate di sosta sul lato Nord del fiume; il miglioramento degli accessi al parco e nuovo attraversamento ciclo-pedonale del Fiume Basento con belvedere d\u2019osservazione ambientale, integrato ad una struttura ricettiva per il tempo libero, l\u2019informazione e la formazione, la creazione del nuovo percorso-passeggiata \u201cNatura\u201d lato Sud del Basento con realizzazione di percorsi, aree di sosta attrezzate, punti di osservazione naturalistici, affacci sul fiume, interventi d\u2019ingegneria naturalistica, impianti tecnologici volti a garantire sicurezza ed a valorizzare luoghi o elementi del parco.<\/span><span style=\"font-family: 'Times New Roman', serif; line-height: normal; text-indent: 0cm;\">Nel dettaglio, le opere da realizzare con l\u2019importo finanziato, sono:<\/span><span style=\"font-family: 'Times New Roman','serif';\"><span style=\"font-family: 'Times New Roman'; font-size: 7pt;\">\u00a0<\/span><\/span><span style=\"font-family: 'Times New Roman','serif'; mso-fareast-font-family: SimSun;\">la manutenzione degli alberi e degli arbusti esistenti, il miglioramento del cotico erboso esistente e la piantagione di\u00a0 nuovi arbusti ed alberature;<\/span><span style=\"font-family: 'Times New Roman','serif';\"><span style=\"font-family: 'Times New Roman'; font-size: 7pt;\">\u00a0<\/span><\/span><span style=\"font-family: 'Times New Roman','serif'; mso-fareast-font-family: SimSun;\">la realizzazione del percorso Natura in macadam lungo la fascia meridionale del Parco;<\/span><span style=\"font-family: 'Times New Roman','serif';\"><span style=\"font-family: 'Times New Roman'; font-size: 7pt;\">\u00a0<\/span><\/span><span style=\"font-family: 'Times New Roman','serif'; mso-fareast-font-family: SimSun;\">la realizzazione della struttura di accoglienza del Parco con spazi polivalenti (didattici o ricettivi) e servizi;<\/span><span style=\"font-family: 'Times New Roman','serif';\"><span style=\"font-family: 'Times New Roman'; font-size: 7pt;\">\u00a0<\/span><\/span><span style=\"font-family: 'Times New Roman','serif'; mso-fareast-font-family: SimSun;\">la realizzazione del ponte ciclo-pedonale tra le due sponde (rivestito in carter metallico lungo le fasce sagomate laterali e pavimentato in listoni di legno larice) accessibile tramite rampe;<\/span><span style=\"font-family: 'Times New Roman','serif';\"><span style=\"font-family: 'Times New Roman'; font-size: 7pt;\">\u00a0<\/span><\/span><span style=\"font-family: 'Times New Roman','serif'; mso-fareast-font-family: SimSun;\">la riparazione delle scale e degli accessi attuali al Parco lungo il percorso Vita e l\u2019arredo delle aree di sosta;<\/span><span style=\"font-family: 'Times New Roman', serif; line-height: normal; text-align: left; text-indent: 0cm;\">\u00a0l\u2019allargamento della sezione idraulica sul lato sud, in prossimit\u00e0 dell\u2019appoggio sud del ponte,<\/span><span style=\"font-family: 'Times New Roman', serif; line-height: normal; text-align: left; text-indent: 0cm;\">\u00a0con\u00a0 l\u2019inserimento di una palificata di sostegno;<\/span><span style=\"font-family: 'Times New Roman','serif';\"><span style=\"font-family: 'Times New Roman'; font-size: 7pt;\">\u00a0\u00a0<\/span><\/span><span style=\"font-family: 'Times New Roman','serif'; mso-fareast-font-family: SimSun;\">la praticabilit\u00e0 pedonale e l\u2019illuminazione funzionale e scenografica del Ponte Musmeci,<\/span><span style=\"font-family: 'Times New Roman','serif';\"><span style=\"font-family: 'Times New Roman'; font-size: 7pt;\">\u00a0<\/span><\/span><span style=\"font-family: 'Times New Roman','serif'; mso-fareast-font-family: SimSun;\">l\u2019illuminazione scenografica del Ponte di S.Vito,<\/span><span style=\"font-family: 'Times New Roman','serif';\"><span style=\"font-family: 'Times New Roman'; font-size: 7pt;\">\u00a0<\/span><\/span><span style=\"font-family: 'Times New Roman','serif'; mso-fareast-font-family: SimSun;\">la pista ciclabile perimetrale al Parco,<\/span><span style=\"font-family: 'Times New Roman','serif';\"><span style=\"font-family: 'Times New Roman'; font-size: 7pt;\">\u00a0\u00a0<\/span><\/span><span style=\"font-family: 'Times New Roman','serif'; mso-fareast-font-family: SimSun;\">il completamento delle opere di manutenzione ed attrezzatura del percorso \u201cVita\u201d (illuminazione pubblica ad emissione zero),<\/span><span style=\"font-family: 'Times New Roman','serif';\"><span style=\"font-family: 'Times New Roman'; font-size: 7pt;\">\u00a0\u00a0<\/span><\/span><span style=\"font-family: 'Times New Roman','serif'; mso-fareast-font-family: SimSun;\">il completamento delle opere di miglioramento dell\u2019impianto vegetazionale dell\u2019area e le dotazioni segnaletiche per i percorsi tematici di osservazione ambientale. Previsti infine <\/span><span style=\"font-family: 'Times New Roman','serif';\"><span style=\"font-family: 'Times New Roman'; font-size: 7pt;\">\u00a0<\/span><\/span><span style=\"font-family: 'Times New Roman','serif'; mso-fareast-font-family: SimSun;\">interventi di ingegneria naturalistica volti a rafforzare il patrimonio naturale e paesaggistico del Parco e quindi :<\/span><span style=\"font-family: 'Times New Roman','serif'; mso-fareast-font-family: 'Times New Roman';\"><span style=\"font-family: 'Times New Roman'; font-size: 7pt;\">\u00a0<\/span><\/span><span style=\"font-family: 'Times New Roman','serif';\">la creazione di due aree di calma raggiungibili attraverso un passerella pedonale in legno per l\u2019osservazione ambientale;<\/span><span style=\"font-family: 'Times New Roman','serif'; mso-fareast-font-family: 'Times New Roman';\"><span style=\"font-family: 'Times New Roman'; font-size: 7pt;\">\u00a0 \u00a0<\/span><\/span><span style=\"font-family: 'Times New Roman','serif';\">un intervento di rinaturalizzazione delle sponde;<\/span><span style=\"font-family: 'Times New Roman','serif'; mso-fareast-font-family: 'Times New Roman';\"><span style=\"font-family: 'Times New Roman'; font-size: 7pt;\">\u00a0 \u00a0 \u00a0 \u00a0\u00a0<\/span><\/span><span style=\"font-family: 'Times New Roman','serif';\">la creazione di una sequenza di raschi ciottolosi nei tratti del fiume che presentano un andamento monotono e privo di diversificazione ambientale (al fine di creare diversit\u00e0 ambientale lungo l\u2019asta del fiume);<\/span><span style=\"font-family: 'Times New Roman','serif'; mso-fareast-font-family: 'Times New Roman';\"><span style=\"font-family: 'Times New Roman'; font-size: 7pt;\">\u00a0<\/span><\/span><span style=\"font-family: 'Times New Roman','serif';\">il prolungamento dei tratti di rinaturalizzazione delle sponde verso le zone di espansione;<\/span><span style=\"font-family: 'Times New Roman','serif'; mso-fareast-font-family: 'Times New Roman';\"><span style=\"font-family: 'Times New Roman'; font-size: 7pt;\">\u00a0<\/span><\/span><span style=\"font-family: 'Times New Roman','serif';\">la creazione di percorsi con affaccio e veduta sul fiume;<\/span><span style=\"font-family: 'Times New Roman','serif'; mso-fareast-font-family: 'Times New Roman';\"><span style=\"font-family: 'Times New Roman'; font-size: 7pt;\">\u00a0<\/span><\/span><span style=\"font-family: 'Times New Roman','serif';\">la costruzione, sulle sponde, di scalinate con seduta per l\u2019osservazione naturalistica, soprattutto nei tratti in cui gli argini sono pi\u00f9 alti;<\/span><span style=\"font-family: 'Times New Roman','serif'; mso-fareast-font-family: 'Times New Roman';\"><span style=\"font-family: 'Times New Roman'; font-size: 7pt;\">\u00a0<\/span><\/span><span style=\"font-family: 'Times New Roman','serif';\">spazi attrezzati nel percorso \u201cNatura\u201d a servizio di un laboratorio ecologico &#8211; centro didattico di osservazione ambientale, da concepire come presidio di rilevamento ecologico e luogo di riferimento per le attivit\u00e0 didattiche di educazione ambientale nel Parco.<\/span><\/p>\n<p style=\"text-align: justify;\"><span style=\"font-family: 'Times New Roman','serif';\">\u00a0<\/span><\/p>\n<p>\u00a0<\/p>\n","protected":false},"excerpt":{"rendered":"<p>Sono in corso i lavori di riqualificazione e recupero del Parco fluviale del Basento. Progettisti sono gli architetti \u00a0Mauro S\u00e0ito (capogruppo), R. Argento,\u00a0 F. D&#8217;Elia, &#8230; <\/p>\n","protected":false},"author":1,"featured_media":0,"comment_status":"closed","ping_status":"closed","sticky":false,"template":"single-sidebar.php","format":"standard","meta":{"footnotes":""},"categories":[63],"tags":[],"class_list":["post-5316","post","type-post","status-publish","format-standard","hentry","category-news"],"_links":{"self":[{"href":"https:\/\/archivio.comune.potenza.it\/index.php?rest_route=\/wp\/v2\/posts\/5316"}],"collection":[{"href":"https:\/\/archivio.comune.potenza.it\/index.php?rest_route=\/wp\/v2\/posts"}],"about":[{"href":"https:\/\/archivio.comune.potenza.it\/index.php?rest_route=\/wp\/v2\/types\/post"}],"author":[{"embeddable":true,"href":"https:\/\/archivio.comune.potenza.it\/index.php?rest_route=\/wp\/v2\/users\/1"}],"replies":[{"embeddable":true,"href":"https:\/\/archivio.comune.potenza.it\/index.php?rest_route=%2Fwp%2Fv2%2Fcomments&post=5316"}],"version-history":[{"count":0,"href":"https:\/\/archivio.comune.potenza.it\/index.php?rest_route=\/wp\/v2\/posts\/5316\/revisions"}],"wp:attachment":[{"href":"https:\/\/archivio.comune.potenza.it\/index.php?rest_route=%2Fwp%2Fv2%2Fmedia&parent=5316"}],"wp:term":[{"taxonomy":"category","embeddable":true,"href":"https:\/\/archivio.comune.potenza.it\/index.php?rest_route=%2Fwp%2Fv2%2Fcategories&post=5316"},{"taxonomy":"post_tag","embeddable":true,"href":"https:\/\/archivio.comune.potenza.it\/index.php?rest_route=%2Fwp%2Fv2%2Ftags&post=5316"}],"curies":[{"name":"wp","href":"https:\/\/api.w.org\/{rel}","templated":true}]}}