{"id":5330,"date":"2012-06-07T14:50:03","date_gmt":"2012-06-07T12:50:03","guid":{"rendered":"http:\/\/archivio.comune.potenza.it\/comune_wp\/?p=5330"},"modified":"2012-06-07T14:50:03","modified_gmt":"2012-06-07T12:50:03","slug":"imbesi-pdl-chiede-schermo-gigante-nel-centro-per-partite-europei","status":"publish","type":"post","link":"https:\/\/archivio.comune.potenza.it\/?p=5330","title":{"rendered":"Imbesi (Pdl) chiede schermo gigante nel centro per partite Europei"},"content":{"rendered":"<p style=\"text-align: justify;\"><span style=\"font-size: 12pt; font-family: 'Times New Roman', serif;\">Il VicePresidente del Consiglio Comunale di Potenza, Antonino Imbesi, ha richiesto al Sindaco della citt\u00e0, in una nota allo stesso indirizzata, di posizionare un grande schermo in piazza Mario Pagano per consentire al popolo dei tifosi della nazionale italiana di poter seguire la propria squadra tifando tutti insieme per i colori azzurri.<\/span><span style=\"font-family: 'Times New Roman', serif; font-size: 12pt;\">\u201cIn molte citt\u00e0 d\u2019Italia \u2013 ha spiegato Imbesi \u2013 le Amministrazioni pubbliche si stanno preparando all\u2019avvio, ormai veramente prossimo, degli Europei di calcio, organizzando eventi mediatici ed iniziative per i tifosi azzurri, nonch\u00e9 predisponendo attrezzature e dotazioni necessarie per consentire la visione dei vari eventi sportivi nelle piazze o nei cinema pi\u00f9 importanti delle citt\u00e0. Il Comune di Potenza, fino ad oggi, per\u00f2, non ha ancora organizzato nulla di particolare per festeggiare questo evento internazionale.\u201d<\/span><span style=\"font-family: 'Times New Roman', serif; font-size: 12pt;\">Il Consigliere ha fatto notare che in moltissime citt\u00e0 italiane, piccole e grandi, sono state gi\u00e0 previste addirittura delle serate speciali a favore degli appassionati di calcio, con tanto di celebrit\u00e0.<\/span><span style=\"font-family: 'Times New Roman', serif; font-size: 12pt;\">\u201cAnche il Comune di Potenza \u2013 ha sottolineato Imbesi \u2013 dovrebbe prendere esempio dalle tante realt\u00e0 italiane che si sono gi\u00e0 preparate in tal senso ed organizzare una manifestazione per la inaugurazione degli europei o almeno prevedere \u00a0la proiezione di tutte le partite del campionato d\u2019Europa su grande schermo in piazza Mario Pagano: in tal modo otterrebbe un doppio vantaggio e risultato, poich\u00e9 da un lato offrirebbe un servizio davvero gradito ai tifosi e dall\u2019altro rivitalizzerebbe il centro storico della citt\u00e0 offrendo una occasione di svago a tutti i cittadini. Del resto sappiamo tutti come il popolo italiano ami questo sport e come lo stesso serva a far ritrovare lo spirito della italianit\u00e0, che specie in questo periodo, \u00e8 alquanto dimenticato.\u201d<\/span><span style=\"font-family: 'Times New Roman', serif; font-size: 12pt;\">Imbesi ha, quindi, invitato il Sindaco e la sua Giunta a predisporre rapidamente quanto necessario almeno per garantire la visione delle partite di calcio della nazionale italiana nella piazza pi\u00f9 illustre del capoluogo.<\/span><span style=\"font-family: 'Times New Roman', serif; font-size: 12pt;\">\u201cLa prima partita degli Azzurri \u00e8 prevista per il prossimo 10 giugno e, quindi, se l\u2019Amministrazione dovesse accogliere il mio invito si \u00e8 ancora in tempo per organizzare un bell\u2019evento sportivo \u2013 ha sostenuto il VicePresidente Imbesi. Del resto gli Europei di calcio sono sempre momenti in cui gli italiani ritrovano un senso di appartenenza nazionale particolare che \u00e8 bene sempre alimentare. Per vivere bene lo sport bisogna viverlo insieme, tenendo alti i valori che esso promuove.\u201d<\/span><span style=\"font-family: 'Times New Roman', serif; font-size: 12pt;\">Il Consigliere ha, infine, concluso sottolineando che il posizionamento di un grande schermo nella piazza principale della citt\u00e0 contribuirebbe anche dare una risposta positiva alle richieste degli operatori commerciali che in questo periodo lamentano poca attenzione dell\u2019Amministrazione cittadina a causa della adozione della ZTL.<\/span><span style=\"font-family: 'Times New Roman', serif; font-size: 12pt; line-height: 115%;\">\u201cPortare migliaia di tifosi nel centro storico \u2013 ha chiuso Imbesi \u2013 servir\u00e0 anche a dare una scossa positiva al centro cittadino ed alle attivit\u00e0 commerciali che in questo periodo a causa anche della ZTL subiscono forse di pi\u00f9 del normale \u00a0la crisi economica. Spero che il Sindaco voglia far tesoro della mia richiesta e predisponga subito gli atti necessari, come fatto 2 anni orsono, sempre su mia sollecitazione, con i mondiali di calcio in Sudafrica. \u201d<\/span><\/p>\n","protected":false},"excerpt":{"rendered":"<p>Il VicePresidente del Consiglio Comunale di Potenza, Antonino Imbesi, ha richiesto al Sindaco della citt\u00e0, in una nota allo stesso indirizzata, di posizionare un grande &#8230; <\/p>\n","protected":false},"author":1,"featured_media":0,"comment_status":"closed","ping_status":"closed","sticky":false,"template":"single-sidebar.php","format":"standard","meta":{"footnotes":""},"categories":[63],"tags":[],"class_list":["post-5330","post","type-post","status-publish","format-standard","hentry","category-news"],"_links":{"self":[{"href":"https:\/\/archivio.comune.potenza.it\/index.php?rest_route=\/wp\/v2\/posts\/5330"}],"collection":[{"href":"https:\/\/archivio.comune.potenza.it\/index.php?rest_route=\/wp\/v2\/posts"}],"about":[{"href":"https:\/\/archivio.comune.potenza.it\/index.php?rest_route=\/wp\/v2\/types\/post"}],"author":[{"embeddable":true,"href":"https:\/\/archivio.comune.potenza.it\/index.php?rest_route=\/wp\/v2\/users\/1"}],"replies":[{"embeddable":true,"href":"https:\/\/archivio.comune.potenza.it\/index.php?rest_route=%2Fwp%2Fv2%2Fcomments&post=5330"}],"version-history":[{"count":0,"href":"https:\/\/archivio.comune.potenza.it\/index.php?rest_route=\/wp\/v2\/posts\/5330\/revisions"}],"wp:attachment":[{"href":"https:\/\/archivio.comune.potenza.it\/index.php?rest_route=%2Fwp%2Fv2%2Fmedia&parent=5330"}],"wp:term":[{"taxonomy":"category","embeddable":true,"href":"https:\/\/archivio.comune.potenza.it\/index.php?rest_route=%2Fwp%2Fv2%2Fcategories&post=5330"},{"taxonomy":"post_tag","embeddable":true,"href":"https:\/\/archivio.comune.potenza.it\/index.php?rest_route=%2Fwp%2Fv2%2Ftags&post=5330"}],"curies":[{"name":"wp","href":"https:\/\/api.w.org\/{rel}","templated":true}]}}