{"id":5336,"date":"2012-06-08T11:34:48","date_gmt":"2012-06-08T09:34:48","guid":{"rendered":"http:\/\/archivio.comune.potenza.it\/comune_wp\/?p=5336"},"modified":"2012-06-08T11:34:48","modified_gmt":"2012-06-08T09:34:48","slug":"santarsiero-la-soppressione-dei-tribunali-nel-sud-favorisce-l-aggressione-della-malavita-ai-territori","status":"publish","type":"post","link":"https:\/\/archivio.comune.potenza.it\/?p=5336","title":{"rendered":"Santarsiero: \u201cLa soppressione dei Tribunali nel Sud favorisce l\u2019aggressione della malavita ai territori.\u201d"},"content":{"rendered":"<p style=\"text-align: justify;\">\u201cLa difesa del Tribunale di Lagonegro non rappresenta la difesa anacronistica o consolatoria di una struttura istituzionale, bens\u00ec una battaglia di civilt\u00e0 e di sviluppo, di tutela dei servizi primari ai cittadini, di tutela dei territori.\u201d Cos\u00ec Vito Santarsiero nella duplice veste di Sindaco di Potenza e Presidente Anci Basilicata, intervenendo al consiglio comunale aperto svoltosi a Lagonegro sul tema della soppressione del Tribunale di Lagonegro.\u201cLe esigenze di razionalizzazione e contenimento della spesa del sistema giustizia nel nostro Paese, &#8211; ha continuato- hanno bisogno di ben altro che della soppressione di Tribunali come quello di Lagonegro e di Melfi.Nel mentre nel Mezzogiorno si parla di emergenza criminalit\u00e0, i cui numeri sono impressionanti (dal 90% dei reati di\u00a0 mafia, ad oltre il 50% dei reati di usura ed estorsione, alle nuove richieste della malavita ed alla aggressione alle Istituzioni) appare assurdo immaginare la chiusura di presidi territoriali di fondamentale importanza da quelli della nostra regione fino al caso clamoroso di Lamezia Terme.Quando nelle annuali relazioni giudiziarie o in quelle delle Forze dell\u2019Ordine viene evidenziato che la nostra Regione, pur non essendo un\u2019isola felice, non ha i livelli di criminalit\u00e0 delle altre regioni del Sud, &#8211; ha detto Santarsiero- ci\u00f2 \u00e8 sicuramente grazie alla presenza di Tribunali di frontiera come quello di Lagonegro che opera in una vasta zona territoriale, da Sala Consilina a Paola, aggredita da camorra e ndrangheta e come quello di Melfi che opera in una zona dove \u00e8 presente la peggiore criminalit\u00e0 pugliese.Inoltre la soppressione dei Tribunali metterebbe a rischio la stessa presenza della Corte d\u2019Appello di Potenza. Oltre ci\u00f2 si pongono anche i problemi logistici e di collegamento di territori, dalla Val Sarmento alla Valle del Mercure, molto distanti e mal collegati alla citt\u00e0 capoluogo. Appare pertanto evidente che la tutela dei Tribunali di Lagonegro e di Melfi rappresenta la tutela della sicurezza non solo di quei territori ma dei territori della intera Regione Basilicata.Occorrer\u00e0 \u2013ha concluso Santarsiero- sviluppare una determinata, come ha fatto oggi nel suo bellissimo intervento\u00a0 il Sindaco di Lagonegro, Domenico Mitidieri, e bipartisan azione da parte di tutti i livelli istituzionali, politici e associativi della nostra Regione per vincere una comune battaglia cos\u00ec come avvenne nel caso di Scanzano.\u201d<\/p>\n","protected":false},"excerpt":{"rendered":"<p>\u201cLa difesa del Tribunale di Lagonegro non rappresenta la difesa anacronistica o consolatoria di una struttura istituzionale, bens\u00ec una battaglia di civilt\u00e0 e di sviluppo, &#8230; <\/p>\n","protected":false},"author":1,"featured_media":0,"comment_status":"closed","ping_status":"closed","sticky":false,"template":"single-sidebar.php","format":"standard","meta":{"footnotes":""},"categories":[63],"tags":[],"class_list":["post-5336","post","type-post","status-publish","format-standard","hentry","category-news"],"_links":{"self":[{"href":"https:\/\/archivio.comune.potenza.it\/index.php?rest_route=\/wp\/v2\/posts\/5336"}],"collection":[{"href":"https:\/\/archivio.comune.potenza.it\/index.php?rest_route=\/wp\/v2\/posts"}],"about":[{"href":"https:\/\/archivio.comune.potenza.it\/index.php?rest_route=\/wp\/v2\/types\/post"}],"author":[{"embeddable":true,"href":"https:\/\/archivio.comune.potenza.it\/index.php?rest_route=\/wp\/v2\/users\/1"}],"replies":[{"embeddable":true,"href":"https:\/\/archivio.comune.potenza.it\/index.php?rest_route=%2Fwp%2Fv2%2Fcomments&post=5336"}],"version-history":[{"count":0,"href":"https:\/\/archivio.comune.potenza.it\/index.php?rest_route=\/wp\/v2\/posts\/5336\/revisions"}],"wp:attachment":[{"href":"https:\/\/archivio.comune.potenza.it\/index.php?rest_route=%2Fwp%2Fv2%2Fmedia&parent=5336"}],"wp:term":[{"taxonomy":"category","embeddable":true,"href":"https:\/\/archivio.comune.potenza.it\/index.php?rest_route=%2Fwp%2Fv2%2Fcategories&post=5336"},{"taxonomy":"post_tag","embeddable":true,"href":"https:\/\/archivio.comune.potenza.it\/index.php?rest_route=%2Fwp%2Fv2%2Ftags&post=5336"}],"curies":[{"name":"wp","href":"https:\/\/api.w.org\/{rel}","templated":true}]}}