{"id":5338,"date":"2012-06-08T11:44:13","date_gmt":"2012-06-08T09:44:13","guid":{"rendered":"http:\/\/archivio.comune.potenza.it\/comune_wp\/?p=5338"},"modified":"2012-06-08T11:44:13","modified_gmt":"2012-06-08T09:44:13","slug":"becce-pdl-introdurre-cartellini-marcatempo-per-consiglieri","status":"publish","type":"post","link":"https:\/\/archivio.comune.potenza.it\/?p=5338","title":{"rendered":"Becce (Pdl):introdurre cartellini marcatempo per consiglieri"},"content":{"rendered":"<p style=\"text-align: justify;\"><span style=\"font-size: 12.0pt; font-family: 'Times New Roman','serif'; mso-bidi-font-family: Calibri;\">Il consigliere comunale del Pdl, Nicola Becce, ha presentato un ordine del giorno affinch\u00e8 vengano introdotti per i Consiglieri del Comune di Potenza i cartellini marcatempo da timbrare in occasione delle Commissione sia al momento dell\u2019entrata sia al momento dell\u2019uscita, al fine di attestare quante ore effettive ogni Consigliere dedica ad ogni Commissione.<\/span><span style=\"font-family: 'Times New Roman', serif; font-size: 12pt;\">\u201cLa nuova disciplina dell&#8217;art. 82 del Testo Unico degli Enti locali, al comma 2 \u2013 scrive Becce- stabilisce che: \u201cI consiglieri comunali (\u2026.omissis) hanno diritto a percepire, nei limiti fissati dal presente capo, un gettone di presenza per la partecipazione a consigli e commissioni\u201d e che il gettone di presenza \u00e8 correlato all&#8217;effettiva partecipazione degli organi collegiali.<\/span><span style=\"font-family: 'Times New Roman', serif; font-size: 12pt;\">Il periodo di crisi e ristrettezza economica che stiamo attraversando \u2013 aggiunge- impone soprattutto alle Istituzioni pubbliche locali scelte di razionalizzazione nell\u2019utilizzo delle risorse con conseguente contenimento della spesa pubblica e tutti coloro che rivestono cariche istituzionali pubbliche, animati da un profondo senso civico, responsabilmente dovrebbero dar conto alla collettivit\u00e0 (di cui sono i rappresentanti) sia dell\u2019operato svolto e dell\u2019impegno profuso nel corso degli anni di mandato sia degli emolumenti spettanti ed effettivamente percepiti.\u201d<\/span><span style=\"font-family: 'Times New Roman', serif; font-size: 12pt;\">Becce chiede inoltre di \u00a0di pubblicare tali dati mensilmente sul sito internet del Comune di Potenza con\u00a0 indicazione della relativa somma percepita da ciascun Consigliere e di estendere tale modalit\u00e0 di controllo e trasparenza anche alle sedute del Consiglio comunale.<\/span><span style=\"font-family: 'Times New Roman', serif; font-size: 12pt;\">Altra richiesta quella di corrispondere gettoni di presenza per un massimo di due commissioni consiliari, considerato che alcuni consiglieri, appartenenti a gruppi formati da uno (capogruppo) o due componenti, partecipano a tre o addirittura sei commissioni, percependo per ogni commissione un gettone di presenza. Ci\u00f2 al fine di garantire un\u2019equit\u00e0 nella corresponsione delle indennit\u00e0 tra tutti i consiglieri comunali indipendentemente dalla numerosit\u00e0 del gruppo di appartenenza e di decurtare le indennit\u00e0 spettanti agli assessori in maniera proporzionale alle assenze, non giustificate, nelle sedute di giunta al fine di ottimizzare al meglio la relativa spesa e verificare l&#8217;effettiva presenza degli amministratori in comune; si chiede, inoltre, di estendere tale modalit\u00e0 di controllo e trasparenza al Presidente del Consiglio comunale.<\/span><span style=\"font-family: 'Times New Roman', serif; font-size: 12pt;\">\u201cChiedo al Sindaco e al Presidente del Consiglio Comunale \u2013conclude Becce- di intervenire sull&#8217;orario di inizio delle commissioni consiliari: considerato che normalmente la seduta di commissione inizia dopo le 9,00, nonostante l&#8217;orario di convocazione sia le ore 8,00, sembra opportuno fissare l&#8217;orario di convocazione delle commissioni alle ore 9,00 in prima ed alle ore 9,30 in seconda, al fine di evitare che i componenti, rispettosi della puntualit\u00e0, attendano pi\u00f9 di un&#8217;ora ed inutilmente l&#8217;avvio dei lavori della commissione.\u201d<\/span><\/p>\n","protected":false},"excerpt":{"rendered":"<p>Il consigliere comunale del Pdl, Nicola Becce, ha presentato un ordine del giorno affinch\u00e8 vengano introdotti per i Consiglieri del Comune di Potenza i cartellini &#8230; <\/p>\n","protected":false},"author":1,"featured_media":0,"comment_status":"closed","ping_status":"closed","sticky":false,"template":"single-sidebar.php","format":"standard","meta":{"footnotes":""},"categories":[63],"tags":[],"class_list":["post-5338","post","type-post","status-publish","format-standard","hentry","category-news"],"_links":{"self":[{"href":"https:\/\/archivio.comune.potenza.it\/index.php?rest_route=\/wp\/v2\/posts\/5338"}],"collection":[{"href":"https:\/\/archivio.comune.potenza.it\/index.php?rest_route=\/wp\/v2\/posts"}],"about":[{"href":"https:\/\/archivio.comune.potenza.it\/index.php?rest_route=\/wp\/v2\/types\/post"}],"author":[{"embeddable":true,"href":"https:\/\/archivio.comune.potenza.it\/index.php?rest_route=\/wp\/v2\/users\/1"}],"replies":[{"embeddable":true,"href":"https:\/\/archivio.comune.potenza.it\/index.php?rest_route=%2Fwp%2Fv2%2Fcomments&post=5338"}],"version-history":[{"count":0,"href":"https:\/\/archivio.comune.potenza.it\/index.php?rest_route=\/wp\/v2\/posts\/5338\/revisions"}],"wp:attachment":[{"href":"https:\/\/archivio.comune.potenza.it\/index.php?rest_route=%2Fwp%2Fv2%2Fmedia&parent=5338"}],"wp:term":[{"taxonomy":"category","embeddable":true,"href":"https:\/\/archivio.comune.potenza.it\/index.php?rest_route=%2Fwp%2Fv2%2Fcategories&post=5338"},{"taxonomy":"post_tag","embeddable":true,"href":"https:\/\/archivio.comune.potenza.it\/index.php?rest_route=%2Fwp%2Fv2%2Ftags&post=5338"}],"curies":[{"name":"wp","href":"https:\/\/api.w.org\/{rel}","templated":true}]}}