{"id":5349,"date":"2012-06-10T14:13:58","date_gmt":"2012-06-10T12:13:58","guid":{"rendered":"http:\/\/archivio.comune.potenza.it\/comune_wp\/?p=5349"},"modified":"2012-06-10T14:13:58","modified_gmt":"2012-06-10T12:13:58","slug":"molinari-su-parchi-montereale-e-sant-antonio-la-macchia","status":"publish","type":"post","link":"https:\/\/archivio.comune.potenza.it\/?p=5349","title":{"rendered":"Molinari su parchi Montereale e Sant&#8217;Antonio La Macchia"},"content":{"rendered":"<p class=\"s5\" style=\"margin-top: 0px; margin-bottom: 0px; line-height: 21px; text-align: justify;\"><span class=\"s3\" style=\"line-height: 16px; font-family: Verdana; font-size: 14px;\">\u201cPartecipando alla presentazione del progetto sul Parco Fluviale del Basento non ho potuto fare a meno di pensare a quelli di Montereale e Sant\u2019Antonio La Macchia che<\/span><span class=\"s3\" style=\"line-height: 16px; font-family: Verdana; font-size: 14px;\">\u00a0un tempo\u00a0<\/span><span class=\"s3\" style=\"line-height: 16px; font-family: Verdana; font-size: 14px;\">erano fiori all\u2019occhiello per la citt\u00e0 di Potenza. Oggi, invece, versano in uno stato di abbandono tale da disincentivare i cittadini a frequentarli. Il parco di Montereale, per il quale qualche anno fa s<\/span><span class=\"s3\" style=\"line-height: 16px; font-family: Verdana; font-size: 14px;\">ono stati fatti investimenti finalizzati al<\/span><span class=\"s3\" style=\"line-height: 16px; font-family: Verdana; font-size: 14px;\">la sua riqualificazione,\u00a0<\/span><span class=\"s3\" style=\"line-height: 16px; font-family: Verdana; font-size: 14px;\">\u00e8 lasciato al degrado mentre ancora si attende di conoscere chi riaprir\u00e0 il Dancing chiuso da tempo. A riguardo presenter\u00f2 un\u2019interrogazione per capire che fine ha fatto il bando, che avrebbe dovuto fare l\u2019amministrazione co<\/span><span class=\"s3\" style=\"line-height: 16px; font-family: Verdana; font-size: 14px;\">munale, per individuare il<\/span><span class=\"s3\" style=\"line-height: 16px; font-family: Verdana; font-size: 14px;\">\u00a0gestore del locale<\/span><span class=\"s3\" style=\"line-height: 16px; font-family: Verdana; font-size: 14px;\">\u00a0<\/span><span class=\"s3\" style=\"line-height: 16px; font-family: Verdana; font-size: 14px;\">e se vi \u00e8 la volont\u00e0 dell\u2019amministrazione a voler riavviare tale struttura per la quale nei mesi scorsi era stato presentato dal vecchio gestore un proge<\/span><span class=\"s3\" style=\"line-height: 16px; font-family: Verdana; font-size: 14px;\">tto per la<\/span><span class=\"s3\" style=\"line-height: 16px; font-family: Verdana; font-size: 14px;\">\u00a0riapertura dell\u2019attivit\u00e0. Chiede<\/span><span class=\"s3\" style=\"line-height: 16px; font-family: Verdana; font-size: 14px;\">r\u00f2, inoltre, quali i progetti futuri<\/span><span class=\"s3\" style=\"line-height: 16px; font-family: Verdana; font-size: 14px;\">\u00a0utili a\u00a0<\/span><span class=\"s3\" style=\"line-height: 16px; font-family: Verdana; font-size: 14px;\">rilanciare il Parco di Sant\u2019Antonio La Macchia\u201d.<\/span><\/p>\n<p class=\"s5\" style=\"margin-top: 0px; margin-bottom: 0px; line-height: 21px; text-align: justify;\"><span style=\"line-height: 21px;\">\u00a0<\/span><\/p>\n<p class=\"s5\" style=\"margin-top: 0px; margin-bottom: 0px; line-height: 21px; text-align: justify;\"><span class=\"s3\" style=\"line-height: 16px; font-family: Verdana; font-size: 14px;\">Lo annuncia il consigliere comunale di Potenza Giuseppe Molinari ricordando che \u201cle aree verdi in questione un tempo rappresentavano punti di riferimento per l\u2019intera comunit\u00e0 potentina mentre allo stato attuale so<\/span><span class=\"s3\" style=\"line-height: 16px; font-family: Verdana; font-size: 14px;\">no semideserte e maltenute<\/span><span class=\"s3\" style=\"line-height: 16px; font-family: Verdana; font-size: 14px;\">.<\/span><span class=\"s3\" style=\"line-height: 16px; font-family: Verdana; font-size: 14px;\">Qualche anno fa si era anche deciso lo stanziamento di risorse economiche finalizzate proprio a far ritornare i<\/span><span class=\"s3\" style=\"line-height: 16px; font-family: Verdana; font-size: 14px;\">l parco\u00a0<\/span><span class=\"s3\" style=\"line-height: 16px; font-family: Verdana; font-size: 14px;\">di Sant\u2019Antonio La M<\/span><span class=\"s3\" style=\"line-height: 16px; font-family: Verdana; font-size: 14px;\">a<\/span><span class=\"s3\" style=\"line-height: 16px; font-family: Verdana; font-size: 14px;\">cchia\u00a0<\/span><span class=\"s3\" style=\"line-height: 16px; font-family: Verdana; font-size: 14px;\">al suo antico splendore ed era stato anche presentato il progetto<\/span><span class=\"s3\" style=\"line-height: 16px; font-family: Verdana; font-size: 14px;\">\u00a0nella VI<\/span><span class=\"s3\" style=\"line-height: 16px; font-family: Verdana; font-size: 14px;\">\u00a0commissione consiliare.\u00a0<\/span><span class=\"s3\" style=\"line-height: 16px; font-family: Verdana; font-size: 14px;\">Poi, per\u00f2, non si \u00e8 fatto pi\u00f9 nulla<\/span><span class=\"s3\" style=\"line-height: 16px; font-family: Verdana; font-size: 14px;\">\u00a0ed i fondi sono stati dirottati altrove<\/span><span class=\"s3\" style=\"line-height: 16px; font-family: Verdana; font-size: 14px;\">. Sappiamo bene le difficolt\u00e0 economiche del Comune di Potenza ma si potrebbe<\/span><span class=\"s3\" style=\"line-height: 16px; font-family: Verdana; font-size: 14px;\">ro<\/span><span class=\"s3\" style=\"line-height: 16px; font-family: Verdana; font-size: 14px;\">\u00a0quantomeno individuare per il futuro progetti ed eventuali risorse. Al momento, invece, si registra solo silenzio. In altre occasioni ho proposto<\/span><span class=\"s3\" style=\"line-height: 16px; font-family: Verdana; font-size: 14px;\">\u00a0\u2013evidenzia il consigliere-\u00a0<\/span><span class=\"s3\" style=\"line-height: 16px; font-family: Verdana; font-size: 14px;\">l\u2019attivazione di tavoli ad hoc per valutare, con le associazioni ambientaliste,\u00a0<\/span><span class=\"s3\" style=\"line-height: 16px; font-family: Verdana; font-size: 14px;\">la P<\/span><span class=\"s3\" style=\"line-height: 16px; font-family: Verdana; font-size: 14px;\">rovincia<\/span><span class=\"s3\" style=\"line-height: 16px; font-family: Verdana; font-size: 14px;\">\u00a0di Potenza<\/span><span class=\"s3\" style=\"line-height: 16px; font-family: Verdana; font-size: 14px;\">\u00a0ed i comitati di quartiere\u00a0<\/span><span class=\"s3\" style=\"line-height: 16px; font-family: Verdana; font-size: 14px;\">soluzioni a basso costo ma capaci di ridare dignit\u00e0 alle nostre aree verdi\u201d.<\/span><\/p>\n<p class=\"s5\" style=\"margin-top: 0px; margin-bottom: 0px; line-height: 21px; text-align: justify;\"><span style=\"line-height: 21px;\">\u00a0<\/span><\/p>\n<p class=\"s5\" style=\"margin-top: 0px; margin-bottom: 0px; line-height: 21px; text-align: justify;\"><span class=\"s3\" style=\"line-height: 16px; font-family: Verdana; font-size: 14px;\">\u201cPulizia, decoro e manutenzione potrebbero essere garantite con soluzioni\u00a0<\/span><span class=\"s3\" style=\"line-height: 16px; font-family: Verdana; font-size: 14px;\">anche fuori dai soliti schemi. L\u2019amministrazione comunale deve aprirsi a nuove<\/span><span class=\"s3\" style=\"line-height: 16px; font-family: Verdana; font-size: 14px;\">\u00a0idee e pr<\/span><span class=\"s3\" style=\"line-height: 16px; font-family: Verdana; font-size: 14px;\">oposte facendo la propria parte dando l\u2019esempio,<\/span><span class=\"s3\" style=\"line-height: 16px; font-family: Verdana; font-size: 14px;\">\u00a0solo cos\u00ec<\/span><span class=\"s3\" style=\"line-height: 16px; font-family: Verdana; font-size: 14px;\">\u00a0<\/span><span class=\"s3\" style=\"line-height: 16px; font-family: Verdana; font-size: 14px;\">\u2013conclude Molinari-\u00a0<\/span><span class=\"s3\" style=\"line-height: 16px; font-family: Verdana; font-size: 14px;\">pu\u00f2 chiedere ai privati di fare la loro\u201d.<\/span><\/p>\n","protected":false},"excerpt":{"rendered":"<p>\u201cPartecipando alla presentazione del progetto sul Parco Fluviale del Basento non ho potuto fare a meno di pensare a quelli di Montereale e Sant\u2019Antonio La &#8230; <\/p>\n","protected":false},"author":1,"featured_media":0,"comment_status":"closed","ping_status":"closed","sticky":false,"template":"single-sidebar.php","format":"standard","meta":{"footnotes":""},"categories":[63],"tags":[],"class_list":["post-5349","post","type-post","status-publish","format-standard","hentry","category-news"],"_links":{"self":[{"href":"https:\/\/archivio.comune.potenza.it\/index.php?rest_route=\/wp\/v2\/posts\/5349"}],"collection":[{"href":"https:\/\/archivio.comune.potenza.it\/index.php?rest_route=\/wp\/v2\/posts"}],"about":[{"href":"https:\/\/archivio.comune.potenza.it\/index.php?rest_route=\/wp\/v2\/types\/post"}],"author":[{"embeddable":true,"href":"https:\/\/archivio.comune.potenza.it\/index.php?rest_route=\/wp\/v2\/users\/1"}],"replies":[{"embeddable":true,"href":"https:\/\/archivio.comune.potenza.it\/index.php?rest_route=%2Fwp%2Fv2%2Fcomments&post=5349"}],"version-history":[{"count":0,"href":"https:\/\/archivio.comune.potenza.it\/index.php?rest_route=\/wp\/v2\/posts\/5349\/revisions"}],"wp:attachment":[{"href":"https:\/\/archivio.comune.potenza.it\/index.php?rest_route=%2Fwp%2Fv2%2Fmedia&parent=5349"}],"wp:term":[{"taxonomy":"category","embeddable":true,"href":"https:\/\/archivio.comune.potenza.it\/index.php?rest_route=%2Fwp%2Fv2%2Fcategories&post=5349"},{"taxonomy":"post_tag","embeddable":true,"href":"https:\/\/archivio.comune.potenza.it\/index.php?rest_route=%2Fwp%2Fv2%2Ftags&post=5349"}],"curies":[{"name":"wp","href":"https:\/\/api.w.org\/{rel}","templated":true}]}}