{"id":5350,"date":"2012-06-10T14:16:21","date_gmt":"2012-06-10T12:16:21","guid":{"rendered":"http:\/\/archivio.comune.potenza.it\/comune_wp\/?p=5350"},"modified":"2012-06-10T14:16:21","modified_gmt":"2012-06-10T12:16:21","slug":"lacerra-mal-mpa-su-degrado-in-citta","status":"publish","type":"post","link":"https:\/\/archivio.comune.potenza.it\/?p=5350","title":{"rendered":"Lacerra  (Mal\/Mpa) su degrado in citt\u00e0"},"content":{"rendered":"<p><span class=\"Apple-style-span\" style=\"font-family: 'Times New Roman', serif; font-size: 17px; color: #000000; line-height: normal; -webkit-tap-highlight-color: rgba(26, 26, 26, 0.296875); -webkit-composition-fill-color: rgba(175, 192, 227, 0.230469); -webkit-composition-frame-color: rgba(77, 128, 180, 0.230469); -webkit-text-size-adjust: auto;\">Potenza, 9 giugno ore 14,10, \u00a0per qualcuno il pranzo \u00e8 rovinato! \u00a0Puoi pensare che la giornalista di Rai Tre faccia un servizio critico sulla Citt\u00e0 di Potenza e sul degrado che ormai la caratterizza (sporcizia, incuria,abbandono) senza il solito pistolotto del Sindaco che ricorda il debito storico? \u00a0Puoi pensare che il servizio \u00e8 stato sollecitato dalle tante richieste dei cittadini fatte al &#8220;servizio pubblico&#8221; e che la giornalista conferma quanto lamentato\u00a0perch\u00e9\u00a0anch&#8217;essa vive questo disagio? \u00a0Puoi pensare che queste cattive notizie possano darsi proprio nell&#8217;ora di punta e di massimo ascolto? Eppure oggi \u00e8 accaduto. Questa \u00e8 storia. Ma allora qui si\u00a0fa\u00a0opposizione! Ci si oppone al degrado, al disinteresse, alla trascuratezza, all&#8217;abbandono, addirittura ci si oppone alla Cultura: la Cultura del Debito, quello storico si intende. Si\u00a0perch\u00e9\u00a0da noi a Potenza vale il logo Citt\u00e0 Cultura, ed anche il debito deve&#8217;essere storico, quello certificato con tanto di pedigree, quello dietro il quale si nasconde l&#8217;Amministrazione Comunale di Potenza per sperperare 12 milioni di euro per un sistema dei trasporti che non serve; quello per evitare che si faccia un bando pubblico per l&#8217;affidamento del servizio ma si paghi a pi\u00e8 di lista; quel debito che permette di avere ben 18 dirigenti; quel debito che origina la finanza creativa che ipotizza la s&#8230;vendita del Tribunale senza dirlo al Ministero, quel debito che non permette il taglio dell&#8217;erba e la manutenzione dei parchi, quel debito che permette la inaugurazione ma non la manutenzione, quel debito che tiene chiuso il Dancing di Montereale per timore che si possa ridurre; quel debito dietro cui si nascondono per non approvare un piano sulla Pubblicit\u00e0 che pure porterebbe soldi Il pranzo per\u00f2 per me non \u00e8 rovinato, anzi. Ho pranzato con pi\u00f9 lena e appetito, insieme ai \u00a0 tanti amici della Citt\u00e0 di Potenza che hanno pensato:&#8230;. finalmente e &#8230;&#8230;&#8230; da oggi si cambia! \u00a0Costruiamo insieme un&#8217;alternativa al degrado e all&#8217;abbandono.<\/span><\/p>\n","protected":false},"excerpt":{"rendered":"<p>Potenza, 9 giugno ore 14,10, \u00a0per qualcuno il pranzo \u00e8 rovinato! \u00a0Puoi pensare che la giornalista di Rai Tre faccia un servizio critico sulla Citt\u00e0 &#8230; <\/p>\n","protected":false},"author":1,"featured_media":0,"comment_status":"closed","ping_status":"closed","sticky":false,"template":"single-sidebar.php","format":"standard","meta":{"footnotes":""},"categories":[63],"tags":[],"class_list":["post-5350","post","type-post","status-publish","format-standard","hentry","category-news"],"_links":{"self":[{"href":"https:\/\/archivio.comune.potenza.it\/index.php?rest_route=\/wp\/v2\/posts\/5350"}],"collection":[{"href":"https:\/\/archivio.comune.potenza.it\/index.php?rest_route=\/wp\/v2\/posts"}],"about":[{"href":"https:\/\/archivio.comune.potenza.it\/index.php?rest_route=\/wp\/v2\/types\/post"}],"author":[{"embeddable":true,"href":"https:\/\/archivio.comune.potenza.it\/index.php?rest_route=\/wp\/v2\/users\/1"}],"replies":[{"embeddable":true,"href":"https:\/\/archivio.comune.potenza.it\/index.php?rest_route=%2Fwp%2Fv2%2Fcomments&post=5350"}],"version-history":[{"count":0,"href":"https:\/\/archivio.comune.potenza.it\/index.php?rest_route=\/wp\/v2\/posts\/5350\/revisions"}],"wp:attachment":[{"href":"https:\/\/archivio.comune.potenza.it\/index.php?rest_route=%2Fwp%2Fv2%2Fmedia&parent=5350"}],"wp:term":[{"taxonomy":"category","embeddable":true,"href":"https:\/\/archivio.comune.potenza.it\/index.php?rest_route=%2Fwp%2Fv2%2Fcategories&post=5350"},{"taxonomy":"post_tag","embeddable":true,"href":"https:\/\/archivio.comune.potenza.it\/index.php?rest_route=%2Fwp%2Fv2%2Ftags&post=5350"}],"curies":[{"name":"wp","href":"https:\/\/api.w.org\/{rel}","templated":true}]}}