{"id":5365,"date":"2012-06-12T07:24:25","date_gmt":"2012-06-12T05:24:25","guid":{"rendered":"http:\/\/archivio.comune.potenza.it\/comune_wp\/?p=5365"},"modified":"2012-06-12T07:24:25","modified_gmt":"2012-06-12T05:24:25","slug":"becce-pdl-su-struttura-sportiva-enaoli","status":"publish","type":"post","link":"https:\/\/archivio.comune.potenza.it\/?p=5365","title":{"rendered":"Becce (pdl) su struttura sportiva Enaoli"},"content":{"rendered":"<p style=\"text-align: justify;\">Il consigliere comunale del Pdl, Nicola Becce in una interrogazione ha chiesto al Sindaco e all&#8217;Assessore competente se risponde al vero la notizia che il Comune ha \u00a0intenzione di affidare la gestione della struttura sportiva dell&#8217;Enaoli all&#8217;Universit\u00e0 di Basilicata e nello specifico al Cus. \u201cVi \u00e8 ad oggi \u2013 chiede Becce- solo un accordo informale tra le parti o si \u00e8 gi\u00e0 provveduto alla stipula del contratto di affidamento della struttura? E per quanto attiene tipologia d&#8217;utenza, costi di fruizione ed orari di utilizzo della struttura il Comune ha fissato dei limiti?La struttura dell&#8217;Enaoli, &#8211; continua- con il suo campo da calcio, rientra nell&#8217;impiantistica sportiva che la citt\u00e0 di Potenza mette a disposizione per i tanti giovani della citt\u00e0 che praticano attivit\u00e0 e la struttura in questione \u00e8 stata sempre gestita dal Comune di Potenza. E\u2019 inaccettabile \u2013 scrive &#8211; che una struttura, fino ad oggi pubblica, venga affidata senza un previo avviso pubblico di indizione di gara.\u201d Becce infine chiede se l&#8217;affidamento a terzi giustificherebbe l&#8217;eventuale aumento dei costi derivante per gli utenti, in particolar modo per le societ\u00e0 sportive, prevedendo in caso di affidamento al Cus un miglioramento qualitativo della struttura anche e soprattutto in termini di orari di utilizzo.<\/p>\n<p style=\"text-align: justify;\">\u00a0<\/p>\n","protected":false},"excerpt":{"rendered":"<p>Il consigliere comunale del Pdl, Nicola Becce in una interrogazione ha chiesto al Sindaco e all&#8217;Assessore competente se risponde al vero la notizia che il &#8230; <\/p>\n","protected":false},"author":1,"featured_media":0,"comment_status":"closed","ping_status":"closed","sticky":false,"template":"single-sidebar.php","format":"standard","meta":{"footnotes":""},"categories":[63],"tags":[],"class_list":["post-5365","post","type-post","status-publish","format-standard","hentry","category-news"],"_links":{"self":[{"href":"https:\/\/archivio.comune.potenza.it\/index.php?rest_route=\/wp\/v2\/posts\/5365"}],"collection":[{"href":"https:\/\/archivio.comune.potenza.it\/index.php?rest_route=\/wp\/v2\/posts"}],"about":[{"href":"https:\/\/archivio.comune.potenza.it\/index.php?rest_route=\/wp\/v2\/types\/post"}],"author":[{"embeddable":true,"href":"https:\/\/archivio.comune.potenza.it\/index.php?rest_route=\/wp\/v2\/users\/1"}],"replies":[{"embeddable":true,"href":"https:\/\/archivio.comune.potenza.it\/index.php?rest_route=%2Fwp%2Fv2%2Fcomments&post=5365"}],"version-history":[{"count":0,"href":"https:\/\/archivio.comune.potenza.it\/index.php?rest_route=\/wp\/v2\/posts\/5365\/revisions"}],"wp:attachment":[{"href":"https:\/\/archivio.comune.potenza.it\/index.php?rest_route=%2Fwp%2Fv2%2Fmedia&parent=5365"}],"wp:term":[{"taxonomy":"category","embeddable":true,"href":"https:\/\/archivio.comune.potenza.it\/index.php?rest_route=%2Fwp%2Fv2%2Fcategories&post=5365"},{"taxonomy":"post_tag","embeddable":true,"href":"https:\/\/archivio.comune.potenza.it\/index.php?rest_route=%2Fwp%2Fv2%2Ftags&post=5365"}],"curies":[{"name":"wp","href":"https:\/\/api.w.org\/{rel}","templated":true}]}}