{"id":5370,"date":"2012-06-12T11:17:27","date_gmt":"2012-06-12T09:17:27","guid":{"rendered":"http:\/\/archivio.comune.potenza.it\/comune_wp\/?p=5370"},"modified":"2012-06-12T11:17:27","modified_gmt":"2012-06-12T09:17:27","slug":"mezzogiorno-rapporto-svimez-santarsiero-sud-in-stato-di-grave-marginalita-servono-politiche-mirate","status":"publish","type":"post","link":"https:\/\/archivio.comune.potenza.it\/?p=5370","title":{"rendered":"Mezzogiorno- Rapporto Svimez, Santarsiero: \u201cSud in stato di grave marginalit\u00e0, servono politiche mirate\u201d"},"content":{"rendered":"<p style=\"text-align: justify;\"><span style=\"font-family: 'Times New Roman', serif; font-size: 12pt; line-height: 115%;\">\u201cLa Svimez conferma lo stato di grave crisi dei Comuni italiani con poderosi tagli subiti, aumento dell\u2019indebitamento ed un forte calo degli investimenti. In tale contesto emerge la difficile situazione dei Comuni meridionali che sono in condizioni di marginalit\u00e0: hanno avuto, rispetto al resto d\u2019Italia, un livello di entrate correnti inferiore del 20%, e di investimenti del 20-30%, laddove questi avrebbero dovuto essere ben superiori, visto che non si tiene conto delle entrate e dei fondi europei\u201d. Lo ha sottolineato Vito Santarsiero, \u00a0sindaco di Potenza e delegato Anci alle politiche per il Mezzogiorno, intervenendo alla presentazione del Rapporto Svimez 2011 sulla finanza dei Comuni, presentato oggi nella sede del Cnel. Santarsiero ha denunciato innanzitutto la \u201cmancanza di politiche ordinarie per il Mezzogiorno\u201d ed auspicato l\u2019avvio di una \u201cforma effettiva di perequazione\u201d che garantisca il soddisfacimento dei fabbisogni essenziali dei cittadini. \u201cAl sud i cittadini pagano le tasse come tutti i cittadini del paese, ma c\u2019\u00e8 un problema complessivo di redistribuzione del reddito e di politiche di sviluppo capaci di guardare in maniera unitaria al Paese, partendo dalle esigenze dei territori del Sud\u201d, ha ribadito. Per il sindaco di Potenza l\u2019unica ricetta possibile \u2013 lo conferma l\u2019analisi dello Svimez &#8211; \u00e8 il rilancio di un vero federalismo. \u201cIn Italia quando si \u00e8 puntato sui Comuni nei processi di crescita dei territori, \u00e8 successo che l\u2019Italia \u00e8 cresciuta ai ritmi pi\u00f9 alti degli ultimi 40 anni. Mentre, incredibilmente, in quegli anni il Sud \u00e8 cresciuto pi\u00f9 del resto del paese a riprova che soltanto un grande protagonismo dei territori \u00e8 in grado di favorire forme vere ed autonome di sviluppo\u201d, ha affermato. Il delegato Anci al Mezzogiorno ha anche commentato positivamente l\u2019assegnazione dell\u2019Imu ai Comuni annunciata ieri dal governo, anche se ha messo in guardia sulla futura definizione del fondo di perequazione per garantire uguali livelli d servizio a tutti i cittadini. \u201cIl fatto che il governo abbia garantito il suo passaggio ai Comuni va salutato con favore, visto che si tratta di una imposta locale che i cittadini devono pagare per alimentare le casse dei Comuni che erogano servizi\u201d. Ma detto questo \u201cil prossimo anno dovremo ragionare con attenzione su come verr\u00e0 garantito questo fondo. Perch\u00e9 \u2013 osserva Santarsiero &#8211; il rischio \u00e8 che \u00e8 che se il fondo sar\u00e0 scaricato interamente sul sistema dei Comuni \u00e8 che si possa scatenare una \u2018guerra tra poveri\u2019. Ritengo invece, che prevarr\u00e0 la saggezza e che faremo &#8211; ha concluso il delegato Anci &#8211; un altro passo avanti sul federalismo comunale attraverso un fondo perequativo reale, sostenuto sia in maniera verticale che con il contributo dei Comuni, in grado di garantire equit\u00e0 in tutto il paese\u201d.<\/span><\/p>\n","protected":false},"excerpt":{"rendered":"<p>\u201cLa Svimez conferma lo stato di grave crisi dei Comuni italiani con poderosi tagli subiti, aumento dell\u2019indebitamento ed un forte calo degli investimenti. In tale &#8230; <\/p>\n","protected":false},"author":1,"featured_media":0,"comment_status":"closed","ping_status":"closed","sticky":false,"template":"single-sidebar.php","format":"standard","meta":{"footnotes":""},"categories":[63],"tags":[],"class_list":["post-5370","post","type-post","status-publish","format-standard","hentry","category-news"],"_links":{"self":[{"href":"https:\/\/archivio.comune.potenza.it\/index.php?rest_route=\/wp\/v2\/posts\/5370"}],"collection":[{"href":"https:\/\/archivio.comune.potenza.it\/index.php?rest_route=\/wp\/v2\/posts"}],"about":[{"href":"https:\/\/archivio.comune.potenza.it\/index.php?rest_route=\/wp\/v2\/types\/post"}],"author":[{"embeddable":true,"href":"https:\/\/archivio.comune.potenza.it\/index.php?rest_route=\/wp\/v2\/users\/1"}],"replies":[{"embeddable":true,"href":"https:\/\/archivio.comune.potenza.it\/index.php?rest_route=%2Fwp%2Fv2%2Fcomments&post=5370"}],"version-history":[{"count":0,"href":"https:\/\/archivio.comune.potenza.it\/index.php?rest_route=\/wp\/v2\/posts\/5370\/revisions"}],"wp:attachment":[{"href":"https:\/\/archivio.comune.potenza.it\/index.php?rest_route=%2Fwp%2Fv2%2Fmedia&parent=5370"}],"wp:term":[{"taxonomy":"category","embeddable":true,"href":"https:\/\/archivio.comune.potenza.it\/index.php?rest_route=%2Fwp%2Fv2%2Fcategories&post=5370"},{"taxonomy":"post_tag","embeddable":true,"href":"https:\/\/archivio.comune.potenza.it\/index.php?rest_route=%2Fwp%2Fv2%2Ftags&post=5370"}],"curies":[{"name":"wp","href":"https:\/\/api.w.org\/{rel}","templated":true}]}}