{"id":5377,"date":"2012-06-13T09:41:29","date_gmt":"2012-06-13T07:41:29","guid":{"rendered":"http:\/\/archivio.comune.potenza.it\/comune_wp\/?p=5377"},"modified":"2012-06-13T09:41:29","modified_gmt":"2012-06-13T07:41:29","slug":"santarsiero-riceve-nuovo-comandante-corpo-forestale-stato","status":"publish","type":"post","link":"https:\/\/archivio.comune.potenza.it\/?p=5377","title":{"rendered":"Santarsiero riceve nuovo Comandante Corpo Forestale Stato"},"content":{"rendered":"<p style=\"text-align: justify;\"><img decoding=\"async\" src=\"images\/phocagallery\/curcio.jpg\" border=\"0\" style=\"border: 0; float: left; margin: 10px;\" \/>Il Sindaco di Potenza, Vito Santarsiero ha ricevuto il nuovo Comandante regionale del Corpo Forestale dello Stato Francesco Curcio accompagnato da Rocco Chiriaco. Il Sindaco ha evidenziato la forte interazione tra l\u2019Amministrazione ed il Corpo Forestale dello Stato, interazione \u2013ha detto- che \u00e8 sempre stata positiva ed utile e ci consente di tenere alto il livello di tutela e salvaguardia del nostro territorio. Abbiamo usufruito \u2013ha continuato- dei risultati della loro azione anche ora che stiamo intervenendo sul Parco fluviale del Basento che abbiamo trovato libero da situazioni di abuso, inquinamento, degrado. Anche l\u2019azione che stiamo facendo sulla rete fognaria su tutto il territorio comunale \u00e8 frutto della sollecitazione da parte del Corpo Forestale dello Stato. Tutto questo \u2013ha concluso Santarsiero- si rafforzer\u00e0 con il Comandante Curcio che \u00e8 arrivato in citt\u00e0 cogliendo questi aspetti.\u201dDa parte sua il nuovo Comandante Curcio ha evidenziato come il suo sia un ritorno a Potenza dal momento che la sua prima nomina nel 1974 \u00e8 stata proprio nella nostra citt\u00e0. \u201cCi sono poi tornato \u2013ha detto- in occasione del terremoto per dare aiuto alle popolazioni. Il territorio della provincia di Potenza e la citt\u00e0 di Potenza \u2013ha concluso- mi sono vicini e conosciuti. Vorrei continuare sul solco iniziato e dare la massima disponibilit\u00e0 del Corpo Forestale dello Stato a questa bellissima citt\u00e0.\u201d<\/p>\n","protected":false},"excerpt":{"rendered":"<p>Il Sindaco di Potenza, Vito Santarsiero ha ricevuto il nuovo Comandante regionale del Corpo Forestale dello Stato Francesco Curcio accompagnato da Rocco Chiriaco. Il Sindaco &#8230; <\/p>\n","protected":false},"author":1,"featured_media":0,"comment_status":"closed","ping_status":"closed","sticky":false,"template":"single-sidebar.php","format":"standard","meta":{"footnotes":""},"categories":[63],"tags":[],"class_list":["post-5377","post","type-post","status-publish","format-standard","hentry","category-news"],"_links":{"self":[{"href":"https:\/\/archivio.comune.potenza.it\/index.php?rest_route=\/wp\/v2\/posts\/5377"}],"collection":[{"href":"https:\/\/archivio.comune.potenza.it\/index.php?rest_route=\/wp\/v2\/posts"}],"about":[{"href":"https:\/\/archivio.comune.potenza.it\/index.php?rest_route=\/wp\/v2\/types\/post"}],"author":[{"embeddable":true,"href":"https:\/\/archivio.comune.potenza.it\/index.php?rest_route=\/wp\/v2\/users\/1"}],"replies":[{"embeddable":true,"href":"https:\/\/archivio.comune.potenza.it\/index.php?rest_route=%2Fwp%2Fv2%2Fcomments&post=5377"}],"version-history":[{"count":0,"href":"https:\/\/archivio.comune.potenza.it\/index.php?rest_route=\/wp\/v2\/posts\/5377\/revisions"}],"wp:attachment":[{"href":"https:\/\/archivio.comune.potenza.it\/index.php?rest_route=%2Fwp%2Fv2%2Fmedia&parent=5377"}],"wp:term":[{"taxonomy":"category","embeddable":true,"href":"https:\/\/archivio.comune.potenza.it\/index.php?rest_route=%2Fwp%2Fv2%2Fcategories&post=5377"},{"taxonomy":"post_tag","embeddable":true,"href":"https:\/\/archivio.comune.potenza.it\/index.php?rest_route=%2Fwp%2Fv2%2Ftags&post=5377"}],"curies":[{"name":"wp","href":"https:\/\/api.w.org\/{rel}","templated":true}]}}