{"id":5378,"date":"2012-06-13T10:17:40","date_gmt":"2012-06-13T08:17:40","guid":{"rendered":"http:\/\/archivio.comune.potenza.it\/comune_wp\/?p=5378"},"modified":"2012-06-13T10:17:40","modified_gmt":"2012-06-13T08:17:40","slug":"carretta-pd-su-nuovo-presidente-confindustria-somma","status":"publish","type":"post","link":"https:\/\/archivio.comune.potenza.it\/?p=5378","title":{"rendered":"Carretta (Pd) su nuovo Presidente Confindustria Somma"},"content":{"rendered":"<p style=\"text-align: justify;\">&#8220;La cerimonia ufficiale di insediamento di Michele Somma come Presidente degli Industriali di Basilicata, svoltasi l\u2019altro ieri presso il Teatro Stabile, \u00e8 stata un\u2019importante occasione per discutere di temi fondamentali per il Mezzogiorno e per la Basilicata.&#8221; Cos\u00ec il capogruppo del Pd, Gianpaolo Carretta per il quale \u00e8 stata &#8220;ottima la relazione del neo Presidente, che ha affrontato nel merito gli argomenti relativi alla crescita, allo sviluppo, alla trasparenza e alla velocit\u00e0 delle procedure amministrative.Sono stati inoltre approfonditi la questione petrolio, i fondi assegnati e non ancora erogati dalle delibere CIPE per il Mezzogiorno, la nuova occupazione e il completamento delle infrastrutture del territorio, tutti elementi cruciali per lo sviluppo del nostro Sud, per fa s\u00ec che il Paese vada ad una sola velocit\u00e0, anzich\u00e9 a due.\u00a0Il Gruppo del Partito Democratico &#8211; conclude- augura un buon lavoro al Presidente Somma, confidando che la sua strategia progettuale e programmatica contribuisca in modo determinante al percorso che deve farci uscire da una crisi strutturale e di sistema, affrontando nel merito tutte le problematiche poste.&#8221;<\/p>\n","protected":false},"excerpt":{"rendered":"<p>&#8220;La cerimonia ufficiale di insediamento di Michele Somma come Presidente degli Industriali di Basilicata, svoltasi l\u2019altro ieri presso il Teatro Stabile, \u00e8 stata un\u2019importante occasione &#8230; <\/p>\n","protected":false},"author":1,"featured_media":0,"comment_status":"closed","ping_status":"closed","sticky":false,"template":"single-sidebar.php","format":"standard","meta":{"footnotes":""},"categories":[63],"tags":[],"class_list":["post-5378","post","type-post","status-publish","format-standard","hentry","category-news"],"_links":{"self":[{"href":"https:\/\/archivio.comune.potenza.it\/index.php?rest_route=\/wp\/v2\/posts\/5378"}],"collection":[{"href":"https:\/\/archivio.comune.potenza.it\/index.php?rest_route=\/wp\/v2\/posts"}],"about":[{"href":"https:\/\/archivio.comune.potenza.it\/index.php?rest_route=\/wp\/v2\/types\/post"}],"author":[{"embeddable":true,"href":"https:\/\/archivio.comune.potenza.it\/index.php?rest_route=\/wp\/v2\/users\/1"}],"replies":[{"embeddable":true,"href":"https:\/\/archivio.comune.potenza.it\/index.php?rest_route=%2Fwp%2Fv2%2Fcomments&post=5378"}],"version-history":[{"count":0,"href":"https:\/\/archivio.comune.potenza.it\/index.php?rest_route=\/wp\/v2\/posts\/5378\/revisions"}],"wp:attachment":[{"href":"https:\/\/archivio.comune.potenza.it\/index.php?rest_route=%2Fwp%2Fv2%2Fmedia&parent=5378"}],"wp:term":[{"taxonomy":"category","embeddable":true,"href":"https:\/\/archivio.comune.potenza.it\/index.php?rest_route=%2Fwp%2Fv2%2Fcategories&post=5378"},{"taxonomy":"post_tag","embeddable":true,"href":"https:\/\/archivio.comune.potenza.it\/index.php?rest_route=%2Fwp%2Fv2%2Ftags&post=5378"}],"curies":[{"name":"wp","href":"https:\/\/api.w.org\/{rel}","templated":true}]}}