{"id":5382,"date":"2012-06-13T11:51:21","date_gmt":"2012-06-13T09:51:21","guid":{"rendered":"http:\/\/archivio.comune.potenza.it\/comune_wp\/?p=5382"},"modified":"2012-06-13T11:51:21","modified_gmt":"2012-06-13T09:51:21","slug":"in-v-commissione-si-e-discusso-di-sicurezza-nelle-scuole","status":"publish","type":"post","link":"https:\/\/archivio.comune.potenza.it\/?p=5382","title":{"rendered":"In Prima Commissione si \u00e8 discusso di &#8220;sicurezza nelle scuole&#8221;"},"content":{"rendered":"<p style=\"text-align: justify;\"><span style=\"font-family: 'Times New Roman','serif';\"><img decoding=\"async\" src=\"images\/phocagallery\/dscn0008.jpg\" border=\"0\" style=\"border: 0; float: left; margin: 10px;\" \/>\u2018La sicurezza nelle scuole del capoluogo\u2019<\/span><span style=\"font-family: 'Times New Roman','serif'; mso-fareast-font-family: 'Times New Roman'; mso-fareast-language: IT;\"> questo il tema della seduta della Prima commissione consiliare permanente presieduta da Sebastiano Papa, nel corso della quale sono stati ascoltati l\u2019assessore comunale all\u2019Istruzione Giuseppe Messina e Maria Brancucci responsabile dell\u2019ufficio Sicurezza ed Edilizia scolastica e del settore Prevenzione e protezione del Comune. \u201cLe emergenze alla quali abbiamo dovuto far fronte negli scorsi anni, quest\u2019anno hanno trovato soluzione sia per quel che riguarda gli edifici scolastici, sia per quanto attiene alle mense. A livello strutturale \u2013 spiega l\u2019assessore Messina \u2013 ci si \u00e8 mossi affinch\u00e9 tutti i nostri ragazzi potessero studiare in strutture sicure. Rispetto alle mense si \u00e8 passati da un cibo completamente veicolato a uno che raggiunge tutte le scuole del capoluogo, al pi\u00f9, entro i dieci minuti successivi alla sua preparazione, con otto centri di cottura che, peraltro, sono i medesimi che si utilizzerebbero nel caso in cui una calamit\u00e0 naturale colpisse il capoluogo di regione e le zone limitrofe\u201d. Il presidente Papa, nell\u2019accogliere con soddisfazione la notizia con la quale \u201cl\u2019assessore Messina ci ha rassicurato rispetto a una scuola che a Potenza \u00e8 sicura\u201d si \u00e8 detto preoccupato, insieme al consigliere Vito Mitro, \u201cper i continui furti e atti vandalici perpetrati ai danni degli istituti scolastici potentini\u201d. Sul tema la consigliera Anna Maria Calabrese ha sostenuto che \u201ca monte c\u2019\u00e8 il problema dell\u2019educazione dei ragazzi. E\u2019 importante che le forze dell\u2019ordine collaborino maggiormente con noi dirigenti scolastici (la professione della Calabrese ndr.) a livello preventivo e sarebbe utile anche programmare dei corsi di formazione alla genitorialit\u00e0\u201d. Il consigliere Giuseppe Molinari, dal canto suo, ha rilanciato l\u2019idea di proporre alla Provincia \u201cun percorso congiunto con il Comune \u2013 che, come precisato dall\u2019assessore Messina, \u00e8 gi\u00e0 cominciato con un tavolo tecnico Comune &#8211; Provincia \u2013 che porti alla riattivazione della scuola Torraca, magari prevedendo il trasferimento di uno dei due licei scientifici presenti in citt\u00e0, trattandosi si un immobile dotato di due palestre, un\u2019aula magna, diversi uffici e trenta aule, oltre a due ampi spazi esterni\u201d concetto ribadito anche dal consigliere Antonio Vaccaro. L\u2019ingegner Brancucci ha spiegato che \u201csu 39 plessi scolastici si sono dovute individuare priorit\u00e0 e queste sono state le centrali termiche, le cucine e il numero degli alunni. Il ripetersi di danneggiamenti \u00e8 stato fronteggiato attraverso l\u2019apposizione di inferriate nelle zone pi\u00f9 nascoste delle scuole e soprattutto con azioni di sensibilizzazione rivolte a studenti e alle loro famiglie, azioni che nel caso di Bucaletto, laddove abbiamo registrato 9 effrazioni nel corso dell\u2019anno, qualche timido segnale positivo si \u00e8 registrato. Si sta valutando la possibilit\u00e0 di dotare le scuole di impianti di videoregistrazione, che per motivi di privacy e di costi, dovr\u00e0 essere attentamente analizzata\u201d. Il presidente Papa nel raccogliere, tra le altre, la proposta di discutere il regolamento di assegnazione delle palestre scolastiche, in maniera congiunta con gli assessori competenti e con i dirigenti scolastici, ha evidenziato come \u201csi debbano individuare le soluzioni pi\u00f9 idonee anche per garantire la viabilit\u00e0 nei pressi delle scuole, troppo spesso resa critica dai comportamenti di automobilisti in sosta selvaggia, troppo poco rispettosi dei pedoni, tra i quali, \u00e8 bene ricordarlo, ci sono anche i loro figli\u201d. <\/span><span style=\"font-family: 'Times New Roman', serif;\">\u00a0\u00a0\u00a0\u00a0\u00a0\u00a0<\/span><span style=\"font-family: 'Times New Roman','serif';\">\u00a0<\/span><\/p>\n","protected":false},"excerpt":{"rendered":"<p>\u2018La sicurezza nelle scuole del capoluogo\u2019 questo il tema della seduta della Prima commissione consiliare permanente presieduta da Sebastiano Papa, nel corso della quale sono &#8230; <\/p>\n","protected":false},"author":1,"featured_media":0,"comment_status":"closed","ping_status":"closed","sticky":false,"template":"single-sidebar.php","format":"standard","meta":{"footnotes":""},"categories":[63],"tags":[],"class_list":["post-5382","post","type-post","status-publish","format-standard","hentry","category-news"],"_links":{"self":[{"href":"https:\/\/archivio.comune.potenza.it\/index.php?rest_route=\/wp\/v2\/posts\/5382"}],"collection":[{"href":"https:\/\/archivio.comune.potenza.it\/index.php?rest_route=\/wp\/v2\/posts"}],"about":[{"href":"https:\/\/archivio.comune.potenza.it\/index.php?rest_route=\/wp\/v2\/types\/post"}],"author":[{"embeddable":true,"href":"https:\/\/archivio.comune.potenza.it\/index.php?rest_route=\/wp\/v2\/users\/1"}],"replies":[{"embeddable":true,"href":"https:\/\/archivio.comune.potenza.it\/index.php?rest_route=%2Fwp%2Fv2%2Fcomments&post=5382"}],"version-history":[{"count":0,"href":"https:\/\/archivio.comune.potenza.it\/index.php?rest_route=\/wp\/v2\/posts\/5382\/revisions"}],"wp:attachment":[{"href":"https:\/\/archivio.comune.potenza.it\/index.php?rest_route=%2Fwp%2Fv2%2Fmedia&parent=5382"}],"wp:term":[{"taxonomy":"category","embeddable":true,"href":"https:\/\/archivio.comune.potenza.it\/index.php?rest_route=%2Fwp%2Fv2%2Fcategories&post=5382"},{"taxonomy":"post_tag","embeddable":true,"href":"https:\/\/archivio.comune.potenza.it\/index.php?rest_route=%2Fwp%2Fv2%2Ftags&post=5382"}],"curies":[{"name":"wp","href":"https:\/\/api.w.org\/{rel}","templated":true}]}}