{"id":5391,"date":"2012-06-15T08:17:08","date_gmt":"2012-06-15T06:17:08","guid":{"rendered":"http:\/\/archivio.comune.potenza.it\/comune_wp\/?p=5391"},"modified":"2012-06-15T08:17:08","modified_gmt":"2012-06-15T06:17:08","slug":"becce-pdl-su-comitato-etico-regionale","status":"publish","type":"post","link":"https:\/\/archivio.comune.potenza.it\/?p=5391","title":{"rendered":"Becce (Pdl) su Comitato Etico Regionale"},"content":{"rendered":"<p style=\"text-align: justify;\"><span style=\"font-size: 12.0pt; font-family: 'Times New Roman','serif'; color: black;\">Il consigliere comunale del Pdl, Nicola Becce ha presentato un ordine del giorno con il quale sollecita il Sindaco di Potenza, Vito Santarsiero, ad intercedere presso la Direzione Sanitaria e l\u2019Amministrazione dell\u2019Ospedale San Carlo affinch\u00e8 venga presto nominato un nuovo Comitato Etico Regionale, per rendere omogeneo in tutta la Lucania \u201cl\u2019approfondimento e la diffusione delle tematiche connesse alle attivit\u00e0 volte alla tutela della salute pubblica e al progresso delle scienze mediche e biologiche\u201d e con importanti funzioni in campi quali la bioetica, la sperimentazione clinica, donazione e trapianto organi. \u201cLa Regione Basilicata \u2013scrive Becce- lo scorso anno con la legge regionale n. 17 del 4 agosto 2011 ha proceduto alla volont\u00e0 di insediare un Comitato Etico Regionale ed i componenti dovevano essere nominati a 60 giorni dall\u2019entrata in vigore della normativa ma cos\u00ec non \u00e8 stato.<\/span><span style=\"color: black; font-family: 'Times New Roman', serif; font-size: 12pt;\">\u00a0L&#8217;Ospedale San Carlo \u2013continua- \u00e8 quindi privo di Comitato Etico e si sta determinando il blocco delle attivit\u00e0 scientifiche del centro, mettendo fortemente a repentaglio le attivit\u00e0 di ricerca ed aggiornamento culturale. La citt\u00e0 di Potenza e il diritto alla salute non possono permettere questo e n\u00e9 valgono le futili argomentazioni a favore dello scioglimento quali quelle relative al fatto \u00a0che alcuni suoi membri non potevano essere riconfermati essendo stati in carica per pi\u00f9 mandati oppure che ad oggi non \u00e8 stato individuato alcun membro che possa farne parte e sembra che la soluzione non sia affatto prossima.\u201d Becce nell\u2019ordine del giorno chiede anche che venga convocato un incontro presso l\u2019Ospedale San Carlo con la Direzione sanitaria, il personale, il Sindaco e una delegazione dell\u2019amministrazione comunale affinch\u00e9 si apra un tavolo di confronto e si forniscano le dovute delucidazione ed i dovuti chiarimenti sulla mancanza ad oggi di tale scelta, pianificando le decisioni future. Un invito che Becce rivolge a tutti i colleghi consiglieri di Potenza dato che \u2013dice- \u00a0\u201cnon \u00e8 possibile eliminare senza lacuna ragione plausibile un organismo quale il Comitato Etico che in altre aziende ospedaliere italiane \u00e8 considerato un fior all\u2019occhiello del senso civico e dell\u2019etica pubblica.\u201d<\/span><\/p>\n","protected":false},"excerpt":{"rendered":"<p>Il consigliere comunale del Pdl, Nicola Becce ha presentato un ordine del giorno con il quale sollecita il Sindaco di Potenza, Vito Santarsiero, ad intercedere &#8230; <\/p>\n","protected":false},"author":1,"featured_media":0,"comment_status":"closed","ping_status":"closed","sticky":false,"template":"single-sidebar.php","format":"standard","meta":{"footnotes":""},"categories":[63],"tags":[],"class_list":["post-5391","post","type-post","status-publish","format-standard","hentry","category-news"],"_links":{"self":[{"href":"https:\/\/archivio.comune.potenza.it\/index.php?rest_route=\/wp\/v2\/posts\/5391"}],"collection":[{"href":"https:\/\/archivio.comune.potenza.it\/index.php?rest_route=\/wp\/v2\/posts"}],"about":[{"href":"https:\/\/archivio.comune.potenza.it\/index.php?rest_route=\/wp\/v2\/types\/post"}],"author":[{"embeddable":true,"href":"https:\/\/archivio.comune.potenza.it\/index.php?rest_route=\/wp\/v2\/users\/1"}],"replies":[{"embeddable":true,"href":"https:\/\/archivio.comune.potenza.it\/index.php?rest_route=%2Fwp%2Fv2%2Fcomments&post=5391"}],"version-history":[{"count":0,"href":"https:\/\/archivio.comune.potenza.it\/index.php?rest_route=\/wp\/v2\/posts\/5391\/revisions"}],"wp:attachment":[{"href":"https:\/\/archivio.comune.potenza.it\/index.php?rest_route=%2Fwp%2Fv2%2Fmedia&parent=5391"}],"wp:term":[{"taxonomy":"category","embeddable":true,"href":"https:\/\/archivio.comune.potenza.it\/index.php?rest_route=%2Fwp%2Fv2%2Fcategories&post=5391"},{"taxonomy":"post_tag","embeddable":true,"href":"https:\/\/archivio.comune.potenza.it\/index.php?rest_route=%2Fwp%2Fv2%2Ftags&post=5391"}],"curies":[{"name":"wp","href":"https:\/\/api.w.org\/{rel}","templated":true}]}}