{"id":5401,"date":"2012-06-17T13:34:53","date_gmt":"2012-06-17T11:34:53","guid":{"rendered":"http:\/\/archivio.comune.potenza.it\/comune_wp\/?p=5401"},"modified":"2012-06-17T13:34:53","modified_gmt":"2012-06-17T11:34:53","slug":"molinari-contrario-a-galleria-sotto-parco-guevara","status":"publish","type":"post","link":"https:\/\/archivio.comune.potenza.it\/?p=5401","title":{"rendered":"Molinari contrario a galleria sotto parco Guevara"},"content":{"rendered":"<p class=\"s5\" style=\"margin-top: 0px; margin-bottom: 0px; line-height: 21px; text-align: justify;\"><span class=\"s3\" style=\"line-height: 14px; font-family: Verdana; font-size: 12px;\">\u201c<\/span><span class=\"s3\" style=\"line-height: 14px; font-family: Verdana; font-size: 12px;\">Dopo aver visto il progetto per la realizzazione di una galleria sotto il futuro Parco Guevara\u00a0<\/span><span class=\"s3\" style=\"line-height: 14px; font-family: Verdana; font-size: 12px;\">posso affermare<\/span><span class=\"s3\" style=\"line-height: 14px; font-family: Verdana; font-size: 12px;\">, come gi\u00e0 detto in Consiglio comunale,<\/span><span class=\"s3\" style=\"line-height: 14px; font-family: Verdana; font-size: 12px;\">\u00a0che \u00e8 davvero inconcepibile pensare di traforare in pieno centro storico non solo deturpando uno dei luoghi pi\u00f9 belli della citt\u00e0 ma anche favorendo cos\u00ec la circolazione veicolare in una zona che dovrebbe essere a traffico limitato. Mi opporr\u00f2 fermamente a quello che potrebbe essere l\u2019ennesimo scempio a danno della citt\u00e0.\u201d<\/span><\/p>\n<p class=\"s5\" style=\"margin-top: 0px; margin-bottom: 0px; line-height: 21px; text-align: justify;\"><span style=\"line-height: 21px;\">\u00a0<\/span><\/p>\n<p class=\"s5\" style=\"margin-top: 0px; margin-bottom: 0px; line-height: 21px; text-align: justify;\"><span class=\"s3\" style=\"line-height: 14px; font-family: Verdana; font-size: 12px;\">Lo afferma il consigliere comunale di Potenza Giuseppe Molinari spiegando le ragioni della sua contrariet\u00e0 al progetto che rientra nei Pisus e per il quale \u00e8 previsto un finanziamento di un milione<\/span><span class=\"s3\" style=\"line-height: 14px; font-family: Verdana; font-size: 12px;\">\u00a0e<\/span><span class=\"s3\" style=\"line-height: 14px; font-family: Verdana; font-size: 12px;\">\u00a0850\u00a0<\/span><span class=\"s3\" style=\"line-height: 14px; font-family: Verdana; font-size: 12px;\">mila\u00a0<\/span><span class=\"s3\" style=\"line-height: 14px; font-family: Verdana; font-size: 12px;\">euro.<\/span><\/p>\n<p class=\"s5\" style=\"margin-top: 0px; margin-bottom: 0px; line-height: 21px; text-align: justify;\"><span style=\"line-height: 21px;\">\u00a0<\/span><\/p>\n<p class=\"s5\" style=\"margin-top: 0px; margin-bottom: 0px; line-height: 21px; text-align: justify;\"><span class=\"s3\" style=\"line-height: 14px; font-family: Verdana; font-size: 12px;\">\u201cNon \u00e8 possibile credere che tale sottopassaggio possa\u00a0<\/span><span class=\"s3\" style=\"line-height: 14px; font-family: Verdana; font-size: 12px;\">dav<\/span><span class=\"s3\" style=\"line-height: 14px; font-family: Verdana; font-size: 12px;\">vero avere un\u2019<\/span><span class=\"s3\" style=\"line-height: 14px; font-family: Verdana; font-size: 12px;\">utilit\u00e0 tale da giustificare il traforo al di sotto di una delle\u00a0<\/span><span class=\"s3\" style=\"line-height: 14px; font-family: Verdana; font-size: 12px;\">poche\u00a0<\/span><span class=\"s3\" style=\"line-height: 14px; font-family: Verdana; font-size: 12px;\">aree storiche fino ad oggi conservate e che si cerca di valorizzare. Consentire il passaggio delle macchine per rendere pi\u00f9 agevole la circolazione nell\u2019area risulta essere un controsenso rispetto alla decisione da poco presa dall\u2019amministrazione comunale di Potenza riguardo alla chiusura al traffico nel centro storico della citt\u00e0 capoluogo di regione. L\u2019idea di andare a rivoluzionare la viabilit\u00e0 nella z<\/span><span class=\"s3\" style=\"line-height: 14px; font-family: Verdana; font-size: 12px;\">ona\u00a0<\/span><span class=\"s3\" style=\"line-height: 14px; font-family: Verdana; font-size: 12px;\">\u2013continua Molinari-\u00a0<\/span><span class=\"s3\" style=\"line-height: 14px; font-family: Verdana; font-size: 12px;\">rientra in una logica finalizzata ad incentivare<\/span><span class=\"s3\" style=\"line-height: 14px; font-family: Verdana; font-size: 12px;\">\u00a0il passaggio delle autovetture mentre sarebbe opportuno allargare l\u2019area della Ztl.\u00a0<\/span><span class=\"s3\" style=\"line-height: 14px; font-family: Verdana; font-size: 12px;\">E<\/span><span class=\"s3\" style=\"line-height: 14px; font-family: Verdana; font-size: 12px;\">\u2019 stato gi\u00e0 realizzato nella zona<\/span><span class=\"s3\" style=\"line-height: 14px; font-family: Verdana; font-size: 12px;\">\u00a0un parcheggio al posto dello storico mercato dei poveri in Via Beato Bonaventura<\/span><span class=\"s3\" style=\"line-height: 14px; font-family: Verdana; font-size: 12px;\">\u00a0e che crea notevoli di<\/span><span class=\"s3\" style=\"line-height: 14px; font-family: Verdana; font-size: 12px;\">sagi a residenti e commercianti di cui<\/span><span class=\"s3\" style=\"line-height: 14px; font-family: Verdana; font-size: 12px;\">\u00a0alcuni hanno chiuso le\u00a0<\/span><span class=\"s3\" style=\"line-height: 14px; font-family: Verdana; font-size: 12px;\">attivit\u00e0<\/span><span class=\"s3\" style=\"line-height: 14px; font-family: Verdana; font-size: 12px;\">. Ora bisogna pensare a rivitalizzare l\u2019area puntando a riempirne i suoi contenitori vuoti<\/span><span class=\"s3\" style=\"line-height: 14px; font-family: Verdana; font-size: 12px;\">,<\/span><span class=\"s3\" style=\"line-height: 14px; font-family: Verdana; font-size: 12px;\">\u00a0a partire dall\u2019edificio che ospitava la scuola media \u201cF. Torraca\u201d.<\/span><\/p>\n<p class=\"s5\" style=\"margin-top: 0px; margin-bottom: 0px; line-height: 21px; text-align: justify;\"><span style=\"line-height: 21px;\">\u00a0<\/span><\/p>\n<p class=\"s5\" style=\"margin-top: 0px; margin-bottom: 0px; line-height: 21px; text-align: justify;\"><span class=\"s3\" style=\"line-height: 14px; font-family: Verdana; font-size: 12px;\">Secondo Moli<\/span><span class=\"s3\" style=\"line-height: 14px; font-family: Verdana; font-size: 12px;\">nari per \u201crianimare la zona in cui si trova quello che sar\u00e0 il Parco Guevara bisognerebbe trasferire il liceo scientifico Pasolini, attualmente os<\/span><span class=\"s3\" style=\"line-height: 14px; font-family: Verdana; font-size: 12px;\">pitato nell\u2019edificio del nuovo s<\/span><span class=\"s3\" style=\"line-height: 14px; font-family: Verdana; font-size: 12px;\">eminario, nello stabile in cui vi era la scuola media \u201cF. Torraca\u201d. La Provincia<\/span><span class=\"s3\" style=\"line-height: 14px; font-family: Verdana; font-size: 12px;\">\u00a0<\/span><span class=\"s3\" style=\"line-height: 14px; font-family: Verdana; font-size: 12px;\">ed il Comune<\/span><span class=\"s3\" style=\"line-height: 14px; font-family: Verdana; font-size: 12px;\">\u00a0di Potenza<\/span><span class=\"s3\" style=\"line-height: 14px; font-family: Verdana; font-size: 12px;\">\u00a0hanno avviato<\/span><span class=\"s3\" style=\"line-height: 14px; font-family: Verdana; font-size: 12px;\">\u00a0<\/span><span class=\"s3\" style=\"line-height: 14px; font-family: Verdana; font-size: 12px;\">un tavolo tecnico per valutare\u00a0<\/span><span class=\"s3\" style=\"line-height: 14px; font-family: Verdana; font-size: 12px;\">l\u2019attuazione del trasferimento che comporterebbe grandi vantaggi anche per i genitori degli alunni, favorendo l\u2019utilizzo delle scale mobili. Dov<\/span><span class=\"s3\" style=\"line-height: 14px; font-family: Verdana; font-size: 12px;\">e \u00e8 attualmente posizionato il l<\/span><span class=\"s3\" style=\"line-height: 14px; font-family: Verdana; font-size: 12px;\">iceo Pasolini non \u00e8 facilmente raggiungibile, \u00e8 scomoda la sua posizione. Se venisse trasferito in pieno centro storico anche le attivit\u00e0 commerciali dell\u2019area ne gioverebbero. Sono, dunque, queste le iniziative che andrebbero adottate. Partendo da ci\u00f2 che gi\u00e0 si ha per sfruttarlo al meglio senza, invece, cercare di realizzare progetto nuovi e faraonici di dubbia utilit\u00e0\u00a0<\/span><span class=\"s3\" style=\"line-height: 14px; font-family: Verdana; font-size: 12px;\">\u2013conclude Molinari-\u00a0<\/span><span class=\"s3\" style=\"line-height: 14px; font-family: Verdana; font-size: 12px;\">come la galleria che si vuole scavare sotto il Parco Guevara\u201d.<\/span><\/p>\n","protected":false},"excerpt":{"rendered":"<p>\u201cDopo aver visto il progetto per la realizzazione di una galleria sotto il futuro Parco Guevara\u00a0posso affermare, come gi\u00e0 detto in Consiglio comunale,\u00a0che \u00e8 davvero &#8230; <\/p>\n","protected":false},"author":1,"featured_media":0,"comment_status":"closed","ping_status":"closed","sticky":false,"template":"single-sidebar.php","format":"standard","meta":{"footnotes":""},"categories":[63],"tags":[],"class_list":["post-5401","post","type-post","status-publish","format-standard","hentry","category-news"],"_links":{"self":[{"href":"https:\/\/archivio.comune.potenza.it\/index.php?rest_route=\/wp\/v2\/posts\/5401"}],"collection":[{"href":"https:\/\/archivio.comune.potenza.it\/index.php?rest_route=\/wp\/v2\/posts"}],"about":[{"href":"https:\/\/archivio.comune.potenza.it\/index.php?rest_route=\/wp\/v2\/types\/post"}],"author":[{"embeddable":true,"href":"https:\/\/archivio.comune.potenza.it\/index.php?rest_route=\/wp\/v2\/users\/1"}],"replies":[{"embeddable":true,"href":"https:\/\/archivio.comune.potenza.it\/index.php?rest_route=%2Fwp%2Fv2%2Fcomments&post=5401"}],"version-history":[{"count":0,"href":"https:\/\/archivio.comune.potenza.it\/index.php?rest_route=\/wp\/v2\/posts\/5401\/revisions"}],"wp:attachment":[{"href":"https:\/\/archivio.comune.potenza.it\/index.php?rest_route=%2Fwp%2Fv2%2Fmedia&parent=5401"}],"wp:term":[{"taxonomy":"category","embeddable":true,"href":"https:\/\/archivio.comune.potenza.it\/index.php?rest_route=%2Fwp%2Fv2%2Fcategories&post=5401"},{"taxonomy":"post_tag","embeddable":true,"href":"https:\/\/archivio.comune.potenza.it\/index.php?rest_route=%2Fwp%2Fv2%2Ftags&post=5401"}],"curies":[{"name":"wp","href":"https:\/\/api.w.org\/{rel}","templated":true}]}}