{"id":5402,"date":"2012-06-17T13:55:28","date_gmt":"2012-06-17T11:55:28","guid":{"rendered":"http:\/\/archivio.comune.potenza.it\/comune_wp\/?p=5402"},"modified":"2012-06-17T13:55:28","modified_gmt":"2012-06-17T11:55:28","slug":"santarsiero-su-150-anni-camere-di-commercio","status":"publish","type":"post","link":"https:\/\/archivio.comune.potenza.it\/?p=5402","title":{"rendered":"Santarsiero su 150 anni Camera di Commercio"},"content":{"rendered":"<p style=\"text-align: justify;\"><span class=\"Apple-style-span\" style=\"color: #000000; font-family: Helvetica; line-height: normal; -webkit-tap-highlight-color: rgba(26, 26, 26, 0.296875); -webkit-composition-fill-color: rgba(175, 192, 227, 0.230469); -webkit-composition-frame-color: rgba(77, 128, 180, 0.230469); -webkit-text-size-adjust: auto; font-size: medium;\"><span>Intervenendo alla cerimonia dei 150 \u00a0anni dalla nascita delle Camere di Commercio, svoltasi al Conservatorio Gesualdo da Venosa,il Sindaco di Potenza Vito Santarsiero ha ringraziato la Camera di Commercio di Potenza e il suo Presidente Lamorte per il lavoro svolto.<\/span><\/span><span class=\"Apple-style-span\" style=\"color: #000000; font-family: Helvetica; line-height: normal; -webkit-tap-highlight-color: rgba(26, 26, 26, 0.296875); -webkit-composition-fill-color: rgba(175, 192, 227, 0.230469); -webkit-composition-frame-color: rgba(77, 128, 180, 0.230469); -webkit-text-size-adjust: auto; font-size: medium;\"><br \/><\/span><span class=\"Apple-style-span\" style=\"color: #000000; font-family: Helvetica; line-height: normal; -webkit-tap-highlight-color: rgba(26, 26, 26, 0.296875); -webkit-composition-fill-color: rgba(175, 192, 227, 0.230469); -webkit-composition-frame-color: rgba(77, 128, 180, 0.230469); -webkit-text-size-adjust: auto; font-size: medium;\"><span>&#8220;Oggi -ha detto- si ricorda la nostra storia e grandi nomi:Branca,Ianfora,Guida,Andretta.Ma si ricordano anche le difficolt\u00e0 di oggi.Fondamentali -ha aggiunto- restano il ruolo e il protagonismo dei territori e dei suoi operatori.Le Camere di Commercio sono luogo dove costruire lo sviluppo endogeno. Quella di oggi \u00e8 stata una importante cerimonia nel corso della quale abbiamo ricordato storia,energie ed esperienze per dar senso all&#8217;art.1della Costituzione e cio\u00e8 che La Repubblica Italiana \u00e8 fondata sul lavoro. Il premio a 81 persone tra imprenditori e dipendenti \u00e8 il premio alla fedelt\u00e0, alla responsabilit\u00e0 \u00a0e alla capacit\u00e0.&#8221;<\/span><\/span><\/p>\n","protected":false},"excerpt":{"rendered":"<p>Intervenendo alla cerimonia dei 150 \u00a0anni dalla nascita delle Camere di Commercio, svoltasi al Conservatorio Gesualdo da Venosa,il Sindaco di Potenza Vito Santarsiero ha ringraziato &#8230; <\/p>\n","protected":false},"author":1,"featured_media":0,"comment_status":"closed","ping_status":"closed","sticky":false,"template":"single-sidebar.php","format":"standard","meta":{"footnotes":""},"categories":[63],"tags":[],"class_list":["post-5402","post","type-post","status-publish","format-standard","hentry","category-news"],"_links":{"self":[{"href":"https:\/\/archivio.comune.potenza.it\/index.php?rest_route=\/wp\/v2\/posts\/5402"}],"collection":[{"href":"https:\/\/archivio.comune.potenza.it\/index.php?rest_route=\/wp\/v2\/posts"}],"about":[{"href":"https:\/\/archivio.comune.potenza.it\/index.php?rest_route=\/wp\/v2\/types\/post"}],"author":[{"embeddable":true,"href":"https:\/\/archivio.comune.potenza.it\/index.php?rest_route=\/wp\/v2\/users\/1"}],"replies":[{"embeddable":true,"href":"https:\/\/archivio.comune.potenza.it\/index.php?rest_route=%2Fwp%2Fv2%2Fcomments&post=5402"}],"version-history":[{"count":0,"href":"https:\/\/archivio.comune.potenza.it\/index.php?rest_route=\/wp\/v2\/posts\/5402\/revisions"}],"wp:attachment":[{"href":"https:\/\/archivio.comune.potenza.it\/index.php?rest_route=%2Fwp%2Fv2%2Fmedia&parent=5402"}],"wp:term":[{"taxonomy":"category","embeddable":true,"href":"https:\/\/archivio.comune.potenza.it\/index.php?rest_route=%2Fwp%2Fv2%2Fcategories&post=5402"},{"taxonomy":"post_tag","embeddable":true,"href":"https:\/\/archivio.comune.potenza.it\/index.php?rest_route=%2Fwp%2Fv2%2Ftags&post=5402"}],"curies":[{"name":"wp","href":"https:\/\/api.w.org\/{rel}","templated":true}]}}