{"id":5405,"date":"2012-06-18T08:17:31","date_gmt":"2012-06-18T06:17:31","guid":{"rendered":"http:\/\/archivio.comune.potenza.it\/comune_wp\/?p=5405"},"modified":"2012-06-18T08:17:31","modified_gmt":"2012-06-18T06:17:31","slug":"anime-scalze-20-giugno-2012","status":"publish","type":"post","link":"https:\/\/archivio.comune.potenza.it\/?p=5405","title":{"rendered":"Anime Scalze &#8211; 20 giugno 2012"},"content":{"rendered":"<p><img decoding=\"async\" src=\"images\/multimediali_new\/eventi-e-manifestazioni\/2012\/06\/maram%20al%20masri%20locandina.jpg\" border=\"0\" style=\"border: 0; float: left; margin: 10px;\" \/>Mercoled\u00ec, <strong>20 giugno<\/strong> 2012 &#8211; ore 18.30<\/p>\n<p>Potenza, Sala dell&#8217;Arco, Palazzo di Citt\u00e0<\/p>\n<p><strong>Anime Scalze<\/strong><\/p>\n<p>Poesie di <strong>Maram al\u00a0&#8211; Masri<\/strong><\/p>\n<p><strong><\/strong>\u00a0<\/p>\n<p>  <!--more-->  <\/p>\n<p>\u00a0Maram al-Masri nasce nel 1962<span style=\"mso-spacerun: yes;\">\u00a0 <\/span>nella citt\u00e0 di Latakia, principale porto della Siria. Di famiglia musulmana, benestante e di larghe vedute, ha cominciato molto presto a scrivere poesie. Vive a Parigi dal 1982. Nel 1984 ha pubblicato il suo primo libro dal titolo <span style=\"mso-spacerun: yes;\">\u00a0<\/span>\u201c<em style=\"mso-bidi-font-style: normal;\">La minaccia di una colomba bianca<\/em>\u201d, presso la casa editrice del Ministero dell\u2019Educazione. Nel <span style=\"mso-spacerun: yes;\">\u00a0<\/span>1997 ritorna alla poesia con \u201c<em style=\"mso-bidi-font-style: normal;\">Ciliegia rossa su piastrelle bianche<\/em>\u201d, pubblicato a Tunisi dalle Edizioni L\u2019Oro del Tempo e salutato con entusiasmo dalla critica. Il volume \u00e8 stato tradotto in spagnolo, francese, corso, inglese, tedesco, turco ed italiano. E\u2019 stata insignita del premio del Forum culturale libanese in Francia nel marzo 1998. Il suo terzo libro \u201c<em style=\"mso-bidi-font-style: normal;\">Ti guardo<\/em>\u201d, \u00e8 stato pubblicato presso le Edizioni della pubblicazione e la distribuzione (Beirut, 2000). \u00c8 inserita nell&#8217;antologia &#8220;Non ho peccato abbastanza. Antologia di poetesse arabe contemporanee&#8221; a cura di Valentina Colombo, Mondadori, 2007. Nel suo ultimo libro \u201c<em style=\"mso-bidi-font-style: normal;\">Anime scalze<\/em>\u201d <span style=\"mso-spacerun: yes;\">\u00a0<\/span>Maram al-Masri realizza un ritratto di donne vittime di violenza in Francia e nel mondo. Ispirate da storie vere, da incontri con donne vere, queste poesie &#8211; di scrittura semplice e diretta &#8211; procurano grande emozione. Esprimono, con grande tenerezza, il dolore, ma anche la dignit\u00e0, la volont\u00e0 di resistere e vivere in libert\u00e0, gioia e a volte umorismo, il sogno e la fantasia.<\/p>\n<p>\u00a0<\/p>\n","protected":false},"excerpt":{"rendered":"<p>Mercoled\u00ec, 20 giugno 2012 &#8211; ore 18.30 Potenza, Sala dell&#8217;Arco, Palazzo di Citt\u00e0 Anime Scalze Poesie di Maram al\u00a0&#8211; Masri \u00a0<\/p>\n","protected":false},"author":1,"featured_media":0,"comment_status":"closed","ping_status":"closed","sticky":false,"template":"single-sidebar.php","format":"standard","meta":{"footnotes":""},"categories":[83],"tags":[],"class_list":["post-5405","post","type-post","status-publish","format-standard","hentry","category-c252-archivio-eventi14-252"],"_links":{"self":[{"href":"https:\/\/archivio.comune.potenza.it\/index.php?rest_route=\/wp\/v2\/posts\/5405"}],"collection":[{"href":"https:\/\/archivio.comune.potenza.it\/index.php?rest_route=\/wp\/v2\/posts"}],"about":[{"href":"https:\/\/archivio.comune.potenza.it\/index.php?rest_route=\/wp\/v2\/types\/post"}],"author":[{"embeddable":true,"href":"https:\/\/archivio.comune.potenza.it\/index.php?rest_route=\/wp\/v2\/users\/1"}],"replies":[{"embeddable":true,"href":"https:\/\/archivio.comune.potenza.it\/index.php?rest_route=%2Fwp%2Fv2%2Fcomments&post=5405"}],"version-history":[{"count":0,"href":"https:\/\/archivio.comune.potenza.it\/index.php?rest_route=\/wp\/v2\/posts\/5405\/revisions"}],"wp:attachment":[{"href":"https:\/\/archivio.comune.potenza.it\/index.php?rest_route=%2Fwp%2Fv2%2Fmedia&parent=5405"}],"wp:term":[{"taxonomy":"category","embeddable":true,"href":"https:\/\/archivio.comune.potenza.it\/index.php?rest_route=%2Fwp%2Fv2%2Fcategories&post=5405"},{"taxonomy":"post_tag","embeddable":true,"href":"https:\/\/archivio.comune.potenza.it\/index.php?rest_route=%2Fwp%2Fv2%2Ftags&post=5405"}],"curies":[{"name":"wp","href":"https:\/\/api.w.org\/{rel}","templated":true}]}}