{"id":5408,"date":"2012-06-18T11:57:04","date_gmt":"2012-06-18T09:57:04","guid":{"rendered":"http:\/\/archivio.comune.potenza.it\/comune_wp\/?p=5408"},"modified":"2012-06-18T11:57:04","modified_gmt":"2012-06-18T09:57:04","slug":"il-sindaco-santarsiero-ha-salutato-i-comandanti-guardia-di-finanza-regionale","status":"publish","type":"post","link":"https:\/\/archivio.comune.potenza.it\/?p=5408","title":{"rendered":"Il Sindaco Santarsiero ha salutato i Comandanti Guardia di Finanza regionale"},"content":{"rendered":"<p style=\"text-align: justify;\"><img decoding=\"async\" src=\"images\/phocagallery\/comandanti.jpg\" border=\"0\" style=\"border: 0; float: left; margin: 10px;\" \/>Il Sindaco di Potenza, Vito Santarsiero ha ricevuto questa mattina il Comandante regionale Guardia di Finanza Generale di Brigata Gaetano Barberi che lascia per altro incarico ed il suo successore Generale di Brigata Valerio Zago.\u201cCi dispiace \u2013ha detto Santarsiero- che il Comandante Barberi ci lasci. Come spesso accade ci affezioniamo alle figure di Comandanti che arrivano nella nostra citt\u00e0. Abbiamo avuto relazioni estremamente positive e cordiali nel rapporto interistituzionale ma abbiamo anche saputo cogliere la qualit\u00e0 dell\u2019azione messa in campo. Abbiamo sempre guardato e guardiamo alla Guardia di Finanza come una delle strutture che ci aiutano a stare pi\u00f9 sicure sul territorio, ci tutelano e rappresentano, per l\u2019azione che svolgono, anche un vero e proprio fattore di sviluppo. Rendo omaggio \u2013ha concluso- all\u2019azione che \u00e8 stata sviluppata dal Comandante in questi anni. Lo ringraziamo e gli facciamo gli auguri per un comando di assoluto prestigio che svilupper\u00e0 direttamente a Roma.\u201dSantarsiero ha posi rivolto un augurio di benvenuto al nuovo Comandante Generale di Brigata Valerio Zago. \u201cSiamo certi \u2013ha detto- che continueremo sulla scia di rapporti e relazioni estremamente positivi. Cos\u00ec come siamo certi che si svilupper\u00e0 sul territorio un\u2019 azione ugualmente forte e significativa. Ci auguriamo che possa stare bene a Potenza. Viene da un territorio montano come il nostro anche se lontano mille chilometri. L\u2019auspicio \u2013ha concluso- \u00e8 che l\u2019ambiente della nostra citt\u00e0 possa far sentire al minimo la nostalgia per il luogo di provenienza.\u201dDa parte sua il Comandante uscente Barberi ha ricordato di essere giunto in Basilicata quattro anni fa. \u201cSono stati \u2013ha detto- quattro anni caratterizzati dal massimo impegno a sostegno dei territori e della collettivit\u00e0 locale per due ordini di motivi: il primo \u00e8 che la Guardia di Finanza quale corpo specialistico svolge la sua azione a tutela della economia legale contrastando caratteristiche patologiche che devono essere tenute alla porta; secondo \u00e8 che la maggior parte dei componenti le Fiamme gialle lucane sono cittadini lucani e quindi si \u00e8 realizzata una felice sinergia di intenti con le caratteristiche dei militari che gi\u00e0 conoscono i territori e quindi sanno bene interpretare le esigenze locali. In quest\u2019ottica \u2013ha concluso- non posso che confermare gli ottimi rapporti che hanno caratterizzato questi quattro anni con le autorit\u00e0 locali e in particolar modo con il Sindaco Santarsiero e la sua municipalit\u00e0.\u201d<\/p>\n","protected":false},"excerpt":{"rendered":"<p>Il Sindaco di Potenza, Vito Santarsiero ha ricevuto questa mattina il Comandante regionale Guardia di Finanza Generale di Brigata Gaetano Barberi che lascia per altro &#8230; <\/p>\n","protected":false},"author":1,"featured_media":0,"comment_status":"closed","ping_status":"closed","sticky":false,"template":"single-sidebar.php","format":"standard","meta":{"footnotes":""},"categories":[63],"tags":[],"class_list":["post-5408","post","type-post","status-publish","format-standard","hentry","category-news"],"_links":{"self":[{"href":"https:\/\/archivio.comune.potenza.it\/index.php?rest_route=\/wp\/v2\/posts\/5408"}],"collection":[{"href":"https:\/\/archivio.comune.potenza.it\/index.php?rest_route=\/wp\/v2\/posts"}],"about":[{"href":"https:\/\/archivio.comune.potenza.it\/index.php?rest_route=\/wp\/v2\/types\/post"}],"author":[{"embeddable":true,"href":"https:\/\/archivio.comune.potenza.it\/index.php?rest_route=\/wp\/v2\/users\/1"}],"replies":[{"embeddable":true,"href":"https:\/\/archivio.comune.potenza.it\/index.php?rest_route=%2Fwp%2Fv2%2Fcomments&post=5408"}],"version-history":[{"count":0,"href":"https:\/\/archivio.comune.potenza.it\/index.php?rest_route=\/wp\/v2\/posts\/5408\/revisions"}],"wp:attachment":[{"href":"https:\/\/archivio.comune.potenza.it\/index.php?rest_route=%2Fwp%2Fv2%2Fmedia&parent=5408"}],"wp:term":[{"taxonomy":"category","embeddable":true,"href":"https:\/\/archivio.comune.potenza.it\/index.php?rest_route=%2Fwp%2Fv2%2Fcategories&post=5408"},{"taxonomy":"post_tag","embeddable":true,"href":"https:\/\/archivio.comune.potenza.it\/index.php?rest_route=%2Fwp%2Fv2%2Ftags&post=5408"}],"curies":[{"name":"wp","href":"https:\/\/api.w.org\/{rel}","templated":true}]}}