{"id":5409,"date":"2012-06-18T12:39:16","date_gmt":"2012-06-18T10:39:16","guid":{"rendered":"http:\/\/archivio.comune.potenza.it\/comune_wp\/?p=5409"},"modified":"2012-06-18T12:39:16","modified_gmt":"2012-06-18T10:39:16","slug":"santarsiero-grazie-a-piccole-e-medie-imprese-lucane","status":"publish","type":"post","link":"https:\/\/archivio.comune.potenza.it\/?p=5409","title":{"rendered":"Santarsiero: &#8220;grazie a piccole e medie imprese lucane&#8221;"},"content":{"rendered":"<p style=\"text-align: justify;\"><img decoding=\"async\" src=\"images\/phocagallery\/pmi.jpg\" border=\"0\" style=\"border: 0; float: left; margin: 10px;\" \/>\u201cOccorre ringraziare il sistema delle piccole e medie imprese e tutti i loro Presidenti per una giornata di grande interesse per aver favorito un momento unitario di analisi, proposte e valutazioni e aver lanciato un messaggio di unit\u00e0 e di azione comune tra Istituzioni, sindacati, mondo produttivo, associativo, professionale.\u201dCos\u00ec il Sindaco di Potenza Vito Santarsiero intervenendo alla assemblea degli Stati Generali delle piccole e medie imprese di Basilicata.\u201cL\u2019ottima relazione ampia, chiara, tanto problematica quanto propositiva di Paolo Laguardia \u2013ha continuato- chiama tutti a riflettere e dare risposte.Occorre cogliere questa come occasione per una nuova prospettiva.Lo scenario entro cui si colloca la relazione di Laguardia \u00e8 quello di un Paese in crisi, immobilizzato da un debito immenso che da troppi anni\u00a0 cammina senza una chiara strategia di sviluppo o quantomeno con una strategia di corto respiro che in questi anni \u00e8 stata ulteriormente indebolita dalle miopie della Lega.Pi\u00f9 nello specifico pesa la situazione drammatica del Sud che si esprime sicuramente nelle condizioni di povert\u00e0 e marginalit\u00e0 di fasce di popolazione sempre pi\u00f9 ampie ma la cui causa \u00e8 nella\u00a0 carenza di infrastrutture, di investimenti, di politiche di sviluppo, di investimenti in ricerca ed innovazione, nella crisi del sistema bancario e nella aggressione della criminalit\u00e0.Occorre \u2013ha detto Santarsiero- operare sia con una visione\u00a0 interregionale capace di offrire al Sud una nuova visione di sviluppo di respiro mediterraneo\u00a0 sia con una visione regionale intervenendo su alcune questioni quali i fenomeni di terziarizzazione patologica, ipertrofia ed inefficienza della pubblica amministrazione. Occorre sbloccare il sistema, semplificare ed accelerare, cogliere la crisi come opportunit\u00e0 di rilancio e di sviluppo. Occorre \u00a0sbloccare gli interventi sul Patto di Stabilit\u00e0, avviare progetti nei settori energetici e nella riqualificazione complessiva degli immobili anche alla luce del sempre pi\u00f9 rilevante rischio sismico del nostro Paese. Occorre rilanciare il ruolo delle Aree urbane come motore di sviluppo e meglio tutelare i piccoli Comuni sostenendo le Unioni soprattutto alla luce dell\u2019annunciata rimozione dell\u2019articolo 16. Inoltre speriamo che con il prossimo anno, con l\u2019IMU interamente trasferita ai Comuni, si possa alleggerire la pressione sul territorio. In ultimo\u00a0 dobbiamo comprendere che la \u201ccondicio sine qua non\u201d per lo sviluppo \u00e8 aiutare le imprese a fare il proprio mestiere rapidamente e facilmente garantendo regole certe ed essenziali. Ieri \u2013ha concluso Santarsiero- con la Camera di Commercio, oggi in questa assemblea abbiamo la conferma che il nostro territorio \u00e8 ricco di un patrimonio produttivo da non disperdere e da valorizzare. Una grande tradizione che continua ad essere alimentata dalla passione e creativit\u00e0 dei giovani che occorre sostenere.\u201d<\/p>\n<p class=\"MsoNormal\">\u00a0<\/p>\n","protected":false},"excerpt":{"rendered":"<p>\u201cOccorre ringraziare il sistema delle piccole e medie imprese e tutti i loro Presidenti per una giornata di grande interesse per aver favorito un momento &#8230; <\/p>\n","protected":false},"author":1,"featured_media":0,"comment_status":"closed","ping_status":"closed","sticky":false,"template":"single-sidebar.php","format":"standard","meta":{"footnotes":""},"categories":[63],"tags":[],"class_list":["post-5409","post","type-post","status-publish","format-standard","hentry","category-news"],"_links":{"self":[{"href":"https:\/\/archivio.comune.potenza.it\/index.php?rest_route=\/wp\/v2\/posts\/5409"}],"collection":[{"href":"https:\/\/archivio.comune.potenza.it\/index.php?rest_route=\/wp\/v2\/posts"}],"about":[{"href":"https:\/\/archivio.comune.potenza.it\/index.php?rest_route=\/wp\/v2\/types\/post"}],"author":[{"embeddable":true,"href":"https:\/\/archivio.comune.potenza.it\/index.php?rest_route=\/wp\/v2\/users\/1"}],"replies":[{"embeddable":true,"href":"https:\/\/archivio.comune.potenza.it\/index.php?rest_route=%2Fwp%2Fv2%2Fcomments&post=5409"}],"version-history":[{"count":0,"href":"https:\/\/archivio.comune.potenza.it\/index.php?rest_route=\/wp\/v2\/posts\/5409\/revisions"}],"wp:attachment":[{"href":"https:\/\/archivio.comune.potenza.it\/index.php?rest_route=%2Fwp%2Fv2%2Fmedia&parent=5409"}],"wp:term":[{"taxonomy":"category","embeddable":true,"href":"https:\/\/archivio.comune.potenza.it\/index.php?rest_route=%2Fwp%2Fv2%2Fcategories&post=5409"},{"taxonomy":"post_tag","embeddable":true,"href":"https:\/\/archivio.comune.potenza.it\/index.php?rest_route=%2Fwp%2Fv2%2Ftags&post=5409"}],"curies":[{"name":"wp","href":"https:\/\/api.w.org\/{rel}","templated":true}]}}