{"id":5410,"date":"2012-06-19T07:21:37","date_gmt":"2012-06-19T05:21:37","guid":{"rendered":"http:\/\/archivio.comune.potenza.it\/comune_wp\/?p=5410"},"modified":"2012-06-19T07:21:37","modified_gmt":"2012-06-19T05:21:37","slug":"presentazione-libro-23giugno","status":"publish","type":"post","link":"https:\/\/archivio.comune.potenza.it\/?p=5410","title":{"rendered":"Presentazione libri, 23 giugno 2012"},"content":{"rendered":"<p class=\"MsoNormal\" style=\"line-height: normal; margin: 0cm 0cm 0pt; mso-layout-grid-align: none;\"><span><span style=\"line-height: 150%; font-family: 'Arial','sans-serif'; color: black; font-size: 12pt; mso-fareast-font-family: 'Times New Roman'; mso-fareast-language: IT;\"><span><strong><img decoding=\"async\" src=\"images\/multimediali_new\/eventi-e-manifestazioni\/2012\/06\/resistere.jpg\" border=\"0\" style=\"border: 0; float: left; margin: 10px;\" \/><\/strong><\/span>Potenza, Biblioteca <span style=\"line-height: 150%; font-family: 'Arial','sans-serif'; color: black; font-size: 12pt; mso-fareast-font-family: 'Times New Roman'; mso-fareast-language: IT;\">Nazionale, via del Gallitello, 103 <\/span><\/span><\/span><\/p>\n<p class=\"MsoNormal\" style=\"text-align: justify; line-height: normal; margin: 0cm 0cm 0pt;\">ore 17.30: <strong>Resistere non serve a niente <\/strong>di Walter Siti\u00a0<\/p>\n<p class=\"MsoNormal\" style=\"text-align: justify; line-height: normal; margin: 0cm 0cm 0pt;\">\u00a0<\/p>\n<p class=\"MsoNormal\" style=\"line-height: normal; margin: 0cm 0cm 0pt;\">\u00a0<\/p>\n<p class=\"MsoNormal\" style=\"line-height: normal; margin: 0cm 0cm 0pt;\"><span><img decoding=\"async\" src=\"images\/multimediali_new\/eventi-e-manifestazioni\/2012\/06\/invito%20valensise.jpg\" border=\"0\" style=\"float: left; border: 0; margin: 10px;\" \/><\/span><\/p>\n<p class=\"MsoNormal\" style=\"line-height: normal; margin: 0cm 0cm 0pt;\">\u00a0<\/p>\n<p class=\"MsoNormal\" style=\"line-height: normal; margin: 0cm 0cm 0pt;\">\u00a0<\/p>\n<p class=\"MsoNormal\" style=\"line-height: normal; margin: 0cm 0cm 0pt;\"><span>Ore 19.00 <strong>Presentazion <\/strong>libro<\/span><\/p>\n<p class=\"MsoNormal\" style=\"line-height: normal; margin: 0cm 0cm 0pt;\"><span>\u00a0\u201c<em><strong>Il sole sorge a Sud. <\/strong>Viaggio contromano da Palermo a Napoli via Salento<\/em>\u201d di <strong>Marina Valensise<\/strong><\/span><\/p>\n<p class=\"MsoNormal\" style=\"line-height: normal; margin: 0cm 0cm 0pt;\">\u00a0<\/p>\n<p class=\"MsoNormal\" style=\"line-height: normal; margin: 0cm 0cm 0pt;\">\u00a0<\/p>\n<p class=\"MsoNormal\" style=\"line-height: normal; margin: 0cm 0cm 0pt;\">\u00a0<\/p>\n<p>  <!--more-->  <\/p>\n<p class=\"MsoNormal\" style=\"text-align: justify; line-height: normal; margin: 0cm 0cm 0pt;\">\u00a0<strong><span style=\"font-family: 'Arial','sans-serif'; color: black; font-size: 12pt; mso-fareast-language: AR-SA; mso-fareast-font-family: 'Times New Roman';\">Walter Siti<\/span><\/strong><span style=\"font-family: 'Arial','sans-serif'; color: black; font-size: 12pt; mso-fareast-language: AR-SA; mso-fareast-font-family: 'Times New Roman';\">, sfrutter\u00e0 le risorse della narrativa per offrire un ritratto davvero ravvicinato, della famosa <em style=\"mso-bidi-font-style: normal;\">zona grigia<\/em> tra criminalit\u00e0 e finanza, fatta di banchieri accondiscendenti, broker senza scrupoli, politici corrotti, malavitosi di seconda generazione\u2026, presentando il suo ultimo romanzo <em style=\"mso-bidi-font-style: normal;\">\u201c<strong style=\"mso-bidi-font-weight: normal;\">Resistere non serve a niente<\/strong>\u201d<\/em> (Rizzoli).<\/span><\/p>\n<p class=\"MsoNormal\" style=\"text-align: justify; line-height: normal; margin: 0cm 0cm 0pt;\">\u00a0<\/p>\n<p class=\"MsoNormal\" style=\"text-align: justify; line-height: normal; margin: 0cm 0cm 0pt;\"><span style=\"font-family: 'Arial','sans-serif'; color: black; font-size: 12pt; mso-fareast-language: AR-SA; mso-fareast-font-family: 'Times New Roman';\"><strong>Marina Valensise <\/strong>partendo dai ricordi delle sue estati di bambina trascorsi in Calabria e dalla passione orgogliosa per questa terra remota e straordinaria, cos\u00ec trascurata dai pi\u00f9, in questo suo nuovo libro \u201c<strong style=\"mso-bidi-font-weight: normal;\"><em style=\"mso-bidi-font-style: normal;\">Il sole sorge a Sud. <\/em><\/strong><em style=\"mso-bidi-font-style: normal;\">Viaggio contromano da Palermo a Napoli via Salento<\/em>\u201d sceglie di raccontare il meridione in modo diverso. Lo fa attraverso un piccolo \u201cdizionario a forma di viaggio\u201d delle tante cose che vanno salvate, valorizzate e curate per poter guardare il Sud con occhi nuovi, capaci di vedere la sua bellezza, la sua laboriosit\u00e0 e, soprattutto, la sua normalit\u00e0 e non pi\u00f9 la desolazione e i lamenti.<\/span><\/p>\n<p class=\"MsoNormal\" style=\"line-height: normal; margin: 0cm 0cm 0pt; mso-layout-grid-align: none;\">\u00a0<\/p>\n","protected":false},"excerpt":{"rendered":"<p>Potenza, Biblioteca Nazionale, via del Gallitello, 103 ore 17.30: Resistere non serve a niente di Walter Siti\u00a0 \u00a0 \u00a0 \u00a0 \u00a0 Ore 19.00 Presentazion libro &#8230; <\/p>\n","protected":false},"author":1,"featured_media":0,"comment_status":"closed","ping_status":"closed","sticky":false,"template":"single-sidebar.php","format":"standard","meta":{"footnotes":""},"categories":[83],"tags":[],"class_list":["post-5410","post","type-post","status-publish","format-standard","hentry","category-c252-archivio-eventi14-252"],"_links":{"self":[{"href":"https:\/\/archivio.comune.potenza.it\/index.php?rest_route=\/wp\/v2\/posts\/5410"}],"collection":[{"href":"https:\/\/archivio.comune.potenza.it\/index.php?rest_route=\/wp\/v2\/posts"}],"about":[{"href":"https:\/\/archivio.comune.potenza.it\/index.php?rest_route=\/wp\/v2\/types\/post"}],"author":[{"embeddable":true,"href":"https:\/\/archivio.comune.potenza.it\/index.php?rest_route=\/wp\/v2\/users\/1"}],"replies":[{"embeddable":true,"href":"https:\/\/archivio.comune.potenza.it\/index.php?rest_route=%2Fwp%2Fv2%2Fcomments&post=5410"}],"version-history":[{"count":0,"href":"https:\/\/archivio.comune.potenza.it\/index.php?rest_route=\/wp\/v2\/posts\/5410\/revisions"}],"wp:attachment":[{"href":"https:\/\/archivio.comune.potenza.it\/index.php?rest_route=%2Fwp%2Fv2%2Fmedia&parent=5410"}],"wp:term":[{"taxonomy":"category","embeddable":true,"href":"https:\/\/archivio.comune.potenza.it\/index.php?rest_route=%2Fwp%2Fv2%2Fcategories&post=5410"},{"taxonomy":"post_tag","embeddable":true,"href":"https:\/\/archivio.comune.potenza.it\/index.php?rest_route=%2Fwp%2Fv2%2Ftags&post=5410"}],"curies":[{"name":"wp","href":"https:\/\/api.w.org\/{rel}","templated":true}]}}