{"id":5421,"date":"2012-06-20T09:37:52","date_gmt":"2012-06-20T07:37:52","guid":{"rendered":"http:\/\/archivio.comune.potenza.it\/comune_wp\/?p=5421"},"modified":"2012-06-20T09:37:52","modified_gmt":"2012-06-20T07:37:52","slug":"consiglio-comunale-del-20-giugno","status":"publish","type":"post","link":"https:\/\/archivio.comune.potenza.it\/?p=5421","title":{"rendered":"Consiglio comunale del 20 giugno"},"content":{"rendered":"<p><span style=\"font-size: 12pt; line-height: 115%; font-family: 'Times New Roman', serif;\">Il Consiglio comunale ha inizio alle 9,45 con il presidente <strong>Vincenzo Santangelo <\/strong>che pone in votazione i verbali della seduta precedente, approvati all\u2019unanimit\u00e0. Il consigliere del Pd Sebastiano Papa illustra un ordine del giorno attraverso il quale \u201ca un mese dal sisma che ha colpito l\u2019Emilia Romagna, di devolvere l\u2019importo del gettone di presenza odierno per le necessit\u00e0 delle popolazioni vittime del disastro\u201d. L\u2019odg \u00e8 approvato all\u2019unanimit\u00e0. La prima interrogazione in discussione del consigliere del Pdl Nicola Becce riguarda i pagamenti \u201cdei debiti contratti dall\u2019Ente e i tempi con i quali i medesimi debiti vengono onorati\u201d. \u201cSiamo tra gli Enti che registrano i minori ritardi con pagamenti che vanno da un minimo di un giorno a un massimo di 154 giorni. Riguardo al blocco delle spese rivenienti dal Patto di stabilit\u00e0 a seguito di un recente accordo, il Comune pagher\u00e0 un acconto del 50% di quanto dovuto il giorno successivo a quello nel quale la Regione ci conferir\u00e0 le somme di cui trattasi\u201d.\u00a0<\/span><\/p>\n<p><BR><A HREF =\"attachments\/article\/6114\/consiglio comunale 20 giugno.doc\" title=\"consiglio comunale 20 giugno.doc\" target=\"_blank\" >consiglio comunale 20 giugno.doc<\/A><\/p>\n","protected":false},"excerpt":{"rendered":"<p>Il Consiglio comunale ha inizio alle 9,45 con il presidente Vincenzo Santangelo che pone in votazione i verbali della seduta precedente, approvati all\u2019unanimit\u00e0. Il consigliere &#8230; <\/p>\n","protected":false},"author":1,"featured_media":0,"comment_status":"closed","ping_status":"closed","sticky":false,"template":"single-sidebar.php","format":"standard","meta":{"footnotes":""},"categories":[63],"tags":[],"class_list":["post-5421","post","type-post","status-publish","format-standard","hentry","category-news"],"_links":{"self":[{"href":"https:\/\/archivio.comune.potenza.it\/index.php?rest_route=\/wp\/v2\/posts\/5421"}],"collection":[{"href":"https:\/\/archivio.comune.potenza.it\/index.php?rest_route=\/wp\/v2\/posts"}],"about":[{"href":"https:\/\/archivio.comune.potenza.it\/index.php?rest_route=\/wp\/v2\/types\/post"}],"author":[{"embeddable":true,"href":"https:\/\/archivio.comune.potenza.it\/index.php?rest_route=\/wp\/v2\/users\/1"}],"replies":[{"embeddable":true,"href":"https:\/\/archivio.comune.potenza.it\/index.php?rest_route=%2Fwp%2Fv2%2Fcomments&post=5421"}],"version-history":[{"count":0,"href":"https:\/\/archivio.comune.potenza.it\/index.php?rest_route=\/wp\/v2\/posts\/5421\/revisions"}],"wp:attachment":[{"href":"https:\/\/archivio.comune.potenza.it\/index.php?rest_route=%2Fwp%2Fv2%2Fmedia&parent=5421"}],"wp:term":[{"taxonomy":"category","embeddable":true,"href":"https:\/\/archivio.comune.potenza.it\/index.php?rest_route=%2Fwp%2Fv2%2Fcategories&post=5421"},{"taxonomy":"post_tag","embeddable":true,"href":"https:\/\/archivio.comune.potenza.it\/index.php?rest_route=%2Fwp%2Fv2%2Ftags&post=5421"}],"curies":[{"name":"wp","href":"https:\/\/api.w.org\/{rel}","templated":true}]}}