{"id":5428,"date":"2012-06-20T17:06:05","date_gmt":"2012-06-20T15:06:05","guid":{"rendered":"http:\/\/archivio.comune.potenza.it\/comune_wp\/?p=5428"},"modified":"2012-06-20T17:06:05","modified_gmt":"2012-06-20T15:06:05","slug":"potenza-pu-pisus-rigore-responsabilita-e-piu-verde-in-citta","status":"publish","type":"post","link":"https:\/\/archivio.comune.potenza.it\/?p=5428","title":{"rendered":"Potenza (PU), PISUS: rigore,responsabilit\u00e0 e pi\u00f9 verde in citt\u00e0"},"content":{"rendered":"<p style=\"text-align: justify;\"><span style=\"mso-fareast-font-family: 'Arial Unicode MS'; color: black; mso-ansi-language: IT;\">Il verde \u00e8 certamente un indicatore di qualit\u00e0 di un territorio. Occorre, quindi, proseguire nella direzione del potenziamento della rete dei parchi urbani e delle vie verdi in citt\u00e0\u201d. E\u2019 quanto ha dichiarato Sergio Potenza, capogruppo dei Popolari Uniti al Comune di Potenza.<\/span><span style=\"color: black;\">\u00a0<\/span><span style=\"color: black;\">\u201cIn tale contesto &#8211; prosegue Potenza &#8211; ben si colloca la realizzazione di un parco a ridosso della Torre Guevara, ma le attuali condizioni non lo rendono realizzabile anche a causa del plesso scolastico \u201cLeonardo Da Vinci\u201d di propriet\u00e0 dell\u2019amministrazione provinciale\u201d.<\/span><span style=\"color: black;\">\u201cSolo in presenza di atti amministrativi da parte della Provincia, tesi a liberare l\u2019area, si potr\u00e0 concretamente immaginare il parco e tutte le opere previste a corredo dal PISUS\u201d.<\/span><span style=\"color: black;\">&#8220;Evitiamo poi di proporre o riproporre interventi &#8211; ponti e terminal &#8211;<\/span><span style=\"color: black;\">\u00a0 <\/span><span style=\"color: black;\">la cui realizzazione sarebbe straordinariamente impattante in contesti gi\u00e0 fortemente provati da un punto di vista urbanistico e della viabilit\u00e0&#8221;.<\/span><span style=\"color: black;\">\u201cIn una fase di grande difficolt\u00e0 per la Nazione &#8211; sostiene il capogruppo Sergio Potenza &#8211; le opere che si andranno a realizzare con il PISUS dovranno essere utili, economicamente gestibili nel tempo e rispettose del contesto urbano di riferimento\u201d.<\/span><span style=\"color: black;\">\u201cIn mancanza di tali presupposti, meglio realizzare qualche opera in meno piuttosto che, in nome di quella capacit\u00e0 di spesa, apparire come degli anacronistici sciuponi. La delicata fase in cui viviamo \u2013 conclude Potenza &#8211; richiede grande senso di responsabilit\u00e0 e rigore amministrativo\u201d.<\/span><\/p>\n","protected":false},"excerpt":{"rendered":"<p>Il verde \u00e8 certamente un indicatore di qualit\u00e0 di un territorio. Occorre, quindi, proseguire nella direzione del potenziamento della rete dei parchi urbani e delle &#8230; <\/p>\n","protected":false},"author":1,"featured_media":0,"comment_status":"closed","ping_status":"closed","sticky":false,"template":"single-sidebar.php","format":"standard","meta":{"footnotes":""},"categories":[63],"tags":[],"class_list":["post-5428","post","type-post","status-publish","format-standard","hentry","category-news"],"_links":{"self":[{"href":"https:\/\/archivio.comune.potenza.it\/index.php?rest_route=\/wp\/v2\/posts\/5428"}],"collection":[{"href":"https:\/\/archivio.comune.potenza.it\/index.php?rest_route=\/wp\/v2\/posts"}],"about":[{"href":"https:\/\/archivio.comune.potenza.it\/index.php?rest_route=\/wp\/v2\/types\/post"}],"author":[{"embeddable":true,"href":"https:\/\/archivio.comune.potenza.it\/index.php?rest_route=\/wp\/v2\/users\/1"}],"replies":[{"embeddable":true,"href":"https:\/\/archivio.comune.potenza.it\/index.php?rest_route=%2Fwp%2Fv2%2Fcomments&post=5428"}],"version-history":[{"count":0,"href":"https:\/\/archivio.comune.potenza.it\/index.php?rest_route=\/wp\/v2\/posts\/5428\/revisions"}],"wp:attachment":[{"href":"https:\/\/archivio.comune.potenza.it\/index.php?rest_route=%2Fwp%2Fv2%2Fmedia&parent=5428"}],"wp:term":[{"taxonomy":"category","embeddable":true,"href":"https:\/\/archivio.comune.potenza.it\/index.php?rest_route=%2Fwp%2Fv2%2Fcategories&post=5428"},{"taxonomy":"post_tag","embeddable":true,"href":"https:\/\/archivio.comune.potenza.it\/index.php?rest_route=%2Fwp%2Fv2%2Ftags&post=5428"}],"curies":[{"name":"wp","href":"https:\/\/api.w.org\/{rel}","templated":true}]}}