{"id":5439,"date":"2012-06-21T17:28:53","date_gmt":"2012-06-21T15:28:53","guid":{"rendered":"http:\/\/archivio.comune.potenza.it\/comune_wp\/?p=5439"},"modified":"2012-06-21T17:28:53","modified_gmt":"2012-06-21T15:28:53","slug":"carretta-pd-replica-a-napoli-su-vendita-tribunale","status":"publish","type":"post","link":"https:\/\/archivio.comune.potenza.it\/?p=5439","title":{"rendered":"Carretta (PD) replica a Napoli su vendita Tribunale"},"content":{"rendered":"<p style=\"text-align: justify;\">&#8220;E\u2019 con estremo rammarico che apprendiamo dalle dichiarazioni del Collega Michele Napoli, che una parte minoritaria dell\u2019opposizione in seno al Consiglio Comunale di Potenza, \u00e8 costretta ad utilizzare le ordinanze del TAR Basilicata, per mettere in campo una qualche forma di opposizione politica, essendo storicamente priva di argomenti, di progetti e di leader che possano rappresentarla.&#8221; Cos\u00ec il capogruppo del PD, Gianpaolo Carretta il quale aggiunge che &#8220;in relazione alla vendita del Tribunale, occorre da subito chiarire che il TAR Basilicata ha concesso la sospensiva su questioni di carattere formale, rinviando all\u2019udienza di merito, gi\u00e0 fissata\u00a0 dopo la pausa estiva,\u00a0 tutte le questioni di carattere sostanziale.<br \/>E\u2019 \u00a0bene ricordare, come per altro gi\u00e0 fatto dal Sindaco Santarsiero, che l\u2019iniziativa, approvata all\u2019unanimit\u00e0 dal Consiglio Comunale, \u00e8 stata avviata per rafforzare il percorso di risanamento dell\u2019Ente su cui continua a gravare il peso di un debito molto forte. Tali forme di vendita sono state peraltro effettuate anche dallo stesso Stato sia per Tribunali sia per altri casi quali il Palazzo dell\u2019Agenzia delle Entrate di Potenza di c.da Canale e il Palazzo del Provveditorato di Corso Garibaldi venduti a Fondi immobiliari con successivo pagamento del canone da parte dei Ministeri competenti.\u00a0<br \/>Pertanto per le sola gestione ordinaria\u00a0 del Palazzo di Giustizia, il Comune di Potenza, negli ultimi 16 anni ha\u00a0 sostenuto spese non rimborsate per circa 22 ML\u20ac, senza tener conto di un fitto di fatto mai pagato a fronte di un canone annuo di oltre 3 ML\u20ac valutato dalla stessa Agenzia del Territorio.<br \/>E\u2019 chiaro ed evidente &#8211; continua- che la decisione del Comune di vendere un immobile di propria propriet\u00e0, non solo rientra nelle prerogative legislative e normative di un Ente Locale, ma nel caso di specie serve ad abbattere un debito storico rinveniente dalla fase di dissesto, che \u00e8 un obbiettivo non solo politico ma etico di tutta la maggioranza di centro-sinistra che sostiene il Sindaco Santarsiero, guardando alle nuove generazioni ed ai prossimi amministratori della cosa pubblica, indipendentemente dal loro colore politico.<br \/>Di certo farebbe bene il consigliere Napoli a spiegare come gli Enti Locali debbano far fronte ai tagli da anni imposti dai Governi di centro-destra, che penalizzano i Comuni e le comunit\u00e0 locali.<br \/>Soprattutto vogliamo sottolineare che il Sindaco Santarsiero ha dimostrato responsabilit\u00e0 politica, morale e civile proprio nell\u2019intrapresa strategia che dura ormai da sette anni di risanamento finanziario del Comune di Potenza, contestualmente garantendo in un quadro di difficolt\u00e0 economica e finanziaria Europea, Italiana e locale i servizi, nonch\u00e9 il completamento infrastrutturale della Citt\u00e0 e le sue prospettive di sviluppo con il progetto Potenza 2020.<br \/>Ci auguriamo &#8211; conclude- che quella parte di opposizione rappresentata dal consigliere Napoli, si interroghi sul proprio modus operandi di fare opposizione e che si concentri non sulle questioni strumentali che fanno queste s\u00ec male alla Citt\u00e0 e alla comunit\u00e0, ma su controproposte costruttive e realizzabili, visto che fino ad oggi i potentini hanno sonoramente bocciato questo modo antico e provinciale di fare politica.<\/p>\n","protected":false},"excerpt":{"rendered":"<p>&#8220;E\u2019 con estremo rammarico che apprendiamo dalle dichiarazioni del Collega Michele Napoli, che una parte minoritaria dell\u2019opposizione in seno al Consiglio Comunale di Potenza, \u00e8 &#8230; <\/p>\n","protected":false},"author":1,"featured_media":0,"comment_status":"closed","ping_status":"closed","sticky":false,"template":"single-sidebar.php","format":"standard","meta":{"footnotes":""},"categories":[63],"tags":[],"class_list":["post-5439","post","type-post","status-publish","format-standard","hentry","category-news"],"_links":{"self":[{"href":"https:\/\/archivio.comune.potenza.it\/index.php?rest_route=\/wp\/v2\/posts\/5439"}],"collection":[{"href":"https:\/\/archivio.comune.potenza.it\/index.php?rest_route=\/wp\/v2\/posts"}],"about":[{"href":"https:\/\/archivio.comune.potenza.it\/index.php?rest_route=\/wp\/v2\/types\/post"}],"author":[{"embeddable":true,"href":"https:\/\/archivio.comune.potenza.it\/index.php?rest_route=\/wp\/v2\/users\/1"}],"replies":[{"embeddable":true,"href":"https:\/\/archivio.comune.potenza.it\/index.php?rest_route=%2Fwp%2Fv2%2Fcomments&post=5439"}],"version-history":[{"count":0,"href":"https:\/\/archivio.comune.potenza.it\/index.php?rest_route=\/wp\/v2\/posts\/5439\/revisions"}],"wp:attachment":[{"href":"https:\/\/archivio.comune.potenza.it\/index.php?rest_route=%2Fwp%2Fv2%2Fmedia&parent=5439"}],"wp:term":[{"taxonomy":"category","embeddable":true,"href":"https:\/\/archivio.comune.potenza.it\/index.php?rest_route=%2Fwp%2Fv2%2Fcategories&post=5439"},{"taxonomy":"post_tag","embeddable":true,"href":"https:\/\/archivio.comune.potenza.it\/index.php?rest_route=%2Fwp%2Fv2%2Ftags&post=5439"}],"curies":[{"name":"wp","href":"https:\/\/api.w.org\/{rel}","templated":true}]}}