{"id":5445,"date":"2012-06-22T11:07:50","date_gmt":"2012-06-22T09:07:50","guid":{"rendered":"http:\/\/archivio.comune.potenza.it\/comune_wp\/?p=5445"},"modified":"2012-06-22T11:07:50","modified_gmt":"2012-06-22T09:07:50","slug":"ripristino-navetta-via-tammone","status":"publish","type":"post","link":"https:\/\/archivio.comune.potenza.it\/?p=5445","title":{"rendered":"Ripristino  navetta Via Tammone"},"content":{"rendered":"<p class=\"MsoNormal\" style=\"text-indent: 35.4pt; text-align: justify;\">Si comunica che, a seguito di apposita richiesta dell\u2019Assessore alla Mobilit\u00e0, Giuseppe Ginefra, e dell\u2019UD Mobilit\u00e0, al Consorzio CoTrAB, gestore del TPUI cittadino:da luned\u00ec 25 c.m., si provveder\u00e0 ad attivare la navetta (circolare sinistra) di Via Tammone, con 2 turni di servizio con orario <strong><span style=\"text-decoration: underline;\">feriale<\/span><\/strong>: 7:40 \u2013 13:,20 e 16:50 \u2013 20:50, con frequenza delle corse di 20 minuti.<br \/>Contestualmente, verranno sospesi 2 turni \u00a0di servizio delle navette CS Centro Storico, lasciando in essere il seguente servizio giornaliero: 8:00 \u2013 14:00 e 16:00 \u2013 22:00, con frequenza di 30 minuti.Ci\u00f2 al fine di meglio venire incontro alle numerose richieste di residenti del centro storico, cittadini e utenti delle scale mobili.<br \/>Detta modifica sar\u00e0 a \u201ccosto zero\u201d per l\u2019Amministrazione comunale.<\/p>\n","protected":false},"excerpt":{"rendered":"<p>Si comunica che, a seguito di apposita richiesta dell\u2019Assessore alla Mobilit\u00e0, Giuseppe Ginefra, e dell\u2019UD Mobilit\u00e0, al Consorzio CoTrAB, gestore del TPUI cittadino:da luned\u00ec 25 &#8230; <\/p>\n","protected":false},"author":1,"featured_media":0,"comment_status":"closed","ping_status":"closed","sticky":false,"template":"single-sidebar.php","format":"standard","meta":{"footnotes":""},"categories":[63],"tags":[],"class_list":["post-5445","post","type-post","status-publish","format-standard","hentry","category-news"],"_links":{"self":[{"href":"https:\/\/archivio.comune.potenza.it\/index.php?rest_route=\/wp\/v2\/posts\/5445"}],"collection":[{"href":"https:\/\/archivio.comune.potenza.it\/index.php?rest_route=\/wp\/v2\/posts"}],"about":[{"href":"https:\/\/archivio.comune.potenza.it\/index.php?rest_route=\/wp\/v2\/types\/post"}],"author":[{"embeddable":true,"href":"https:\/\/archivio.comune.potenza.it\/index.php?rest_route=\/wp\/v2\/users\/1"}],"replies":[{"embeddable":true,"href":"https:\/\/archivio.comune.potenza.it\/index.php?rest_route=%2Fwp%2Fv2%2Fcomments&post=5445"}],"version-history":[{"count":0,"href":"https:\/\/archivio.comune.potenza.it\/index.php?rest_route=\/wp\/v2\/posts\/5445\/revisions"}],"wp:attachment":[{"href":"https:\/\/archivio.comune.potenza.it\/index.php?rest_route=%2Fwp%2Fv2%2Fmedia&parent=5445"}],"wp:term":[{"taxonomy":"category","embeddable":true,"href":"https:\/\/archivio.comune.potenza.it\/index.php?rest_route=%2Fwp%2Fv2%2Fcategories&post=5445"},{"taxonomy":"post_tag","embeddable":true,"href":"https:\/\/archivio.comune.potenza.it\/index.php?rest_route=%2Fwp%2Fv2%2Ftags&post=5445"}],"curies":[{"name":"wp","href":"https:\/\/api.w.org\/{rel}","templated":true}]}}