{"id":5451,"date":"2012-06-24T15:30:28","date_gmt":"2012-06-24T13:30:28","guid":{"rendered":"http:\/\/archivio.comune.potenza.it\/comune_wp\/?p=5451"},"modified":"2012-06-24T15:30:28","modified_gmt":"2012-06-24T13:30:28","slug":"assessore-pesarini-sui-pisus-il-comune-sta-operando-con-tempistica-ristretta","status":"publish","type":"post","link":"https:\/\/archivio.comune.potenza.it\/?p=5451","title":{"rendered":"Assessore Pesarini: &#8220;sui PISUS il Comune sta operando con tempistica ristretta&#8221;"},"content":{"rendered":"<p style=\"text-align: justify;\"><span style=\"font-family: 'Times New Roman'; font-size: 12pt; line-height: normal;\">\u201cE\u2019 sorprendente che anche una persona<\/span><span style=\"font-family: 'Times New Roman'; font-size: 12pt; line-height: normal;\">\u00a0 <\/span><span style=\"font-family: 'Times New Roman'; font-size: 12pt; line-height: normal;\">dello spessore e dell\u2019esperienza dell\u2019On. Molinari, cada in luoghi comuni e strumentalizzazioni. E\u2019 ben noto che sui PISUS il Comune di Potenza sta operando con una tempistica assolutamente ristretta.\u201d Cos\u00ec l\u2019Assessore alla viabilit\u00e0 Antonio Pesarini, il quale aggiunge che \u201csono state rispettate tutte le date chieste dalla Regione Basilicata e il PISUS,di pi\u00f9, \u00e8 stato inserito in una strategia di largo respiro e di lungo periodo quale \u00e8 quella di Potenza 2020. L\u2019accordo tra Regione e Comune per l\u2019attuazione del Programma \u00e8 stato siglato il 18 luglio 2011, \u00e8 stato poi pubblicato sul BUR ad ottobre 2011 ed il Comune ha ricevuto l\u2019anticipazione del 15% per l\u2019avvio di tutte le procedure il 27 dicembre 2011.<\/span><\/p>\n<p style=\"text-align: justify;\"><span style=\"font-size: 12.0pt; font-family: 'Times New Roman';\">In meno di sei mesi, -continua- come \u00e8 stato evidenziato in Consiglio Comunale solo qualche settimana fa, si \u00e8 provveduto ad avviare le fasi di studio, indagine e progettazione per tutte le opere.<\/span><span style=\"font-family: 'Times New Roman'; font-size: 12pt;\">In alcuni casi come per l\u2019intervento di 10 milioni di euro sull\u2019Asse metropolitano si \u00e8 gi\u00e0 chiuso l\u2019accordo con le FAL, approvato il progetto preliminare, acquisiti i pareri e nel mese di luglio sar\u00e0 emanato il bando di gara dell\u2019opera, come pure i bandi sono pronti per altri significativi interventi ed in uno stato avanzato sono anche i progetti curati dalla SAT nel settore della mobilit\u00e0.<\/span><span style=\"font-family: 'Times New Roman'; font-size: 12pt;\">Il giorno 28 giugno il Sindaco Santarsiero sar\u00e0 in grado di confermare il cronoprogramma che prevede l\u2019attuazione di tutti gli interventi entro il 2015.<\/span><span style=\"font-family: 'Times New Roman'; font-size: 12pt;\">Ogni ipotesi di riduzione o trasferimento di risorse \u2013 aggiunge Pesarini- attiene alle relazioni Regione-Ministero-UE ed al programma di attuazione dell\u2019intero POR rispetto al quale i tempi dell\u2019Asse 5 delle Aree urbane non sono stati dettati dai due Comuni capoluogo che hanno invece rispettato la tempistica loro richiesta e che non a caso, come tutte le aree urbane del Mezzogiorno, chiedono di essere autonome nella gestione dei Fondi europei proprio al fine di evitare penalizzazioni.<\/span><span style=\"font-family: 'Times New Roman'; font-size: 12pt;\">Pertanto sappia Molinari che il Comune \u00e8 ben ripiegato sul problema e lo fa con tutti i settori interessati direttamente coordinati dal Sindaco, l\u2019ultima riunione con noi Assessori, dirigenti, SAT e consulente si \u00e8 svolta proprio gioved\u00ec scorso.<\/span><span style=\"font-family: 'Times New Roman'; font-size: 12pt;\">La Citt\u00e0 oggettivamente merita una opposizione pi\u00f9 costruttiva e pi\u00f9 vicina ai problemi della<\/span><span style=\"font-family: 'Times New Roman'; font-size: 12pt;\">\u00a0 <\/span><span style=\"font-family: 'Times New Roman'; font-size: 12pt;\">Citt\u00e0. Attendiamo \u2013 conclude Pesarini- ancora la delibera CIPE per altri 11 milioni di euro sul progetto Metropolitana e nonostante i gravi ritardi nessuna preoccupazione o sollecitazione viene dall\u2019On. Molinari che pure per dieci anni \u00e8 stato in Parlamento e forse qualcosa potrebbe fare.\u201d<\/span><\/p>\n<p style=\"text-align: justify;\"><span style=\"font-size: 14.0pt; font-family: 'Times New Roman';\">\u00a0<\/span><\/p>\n","protected":false},"excerpt":{"rendered":"<p>\u201cE\u2019 sorprendente che anche una persona\u00a0 dello spessore e dell\u2019esperienza dell\u2019On. Molinari, cada in luoghi comuni e strumentalizzazioni. E\u2019 ben noto che sui PISUS il &#8230; <\/p>\n","protected":false},"author":1,"featured_media":0,"comment_status":"closed","ping_status":"closed","sticky":false,"template":"single-sidebar.php","format":"standard","meta":{"footnotes":""},"categories":[63],"tags":[],"class_list":["post-5451","post","type-post","status-publish","format-standard","hentry","category-news"],"_links":{"self":[{"href":"https:\/\/archivio.comune.potenza.it\/index.php?rest_route=\/wp\/v2\/posts\/5451"}],"collection":[{"href":"https:\/\/archivio.comune.potenza.it\/index.php?rest_route=\/wp\/v2\/posts"}],"about":[{"href":"https:\/\/archivio.comune.potenza.it\/index.php?rest_route=\/wp\/v2\/types\/post"}],"author":[{"embeddable":true,"href":"https:\/\/archivio.comune.potenza.it\/index.php?rest_route=\/wp\/v2\/users\/1"}],"replies":[{"embeddable":true,"href":"https:\/\/archivio.comune.potenza.it\/index.php?rest_route=%2Fwp%2Fv2%2Fcomments&post=5451"}],"version-history":[{"count":0,"href":"https:\/\/archivio.comune.potenza.it\/index.php?rest_route=\/wp\/v2\/posts\/5451\/revisions"}],"wp:attachment":[{"href":"https:\/\/archivio.comune.potenza.it\/index.php?rest_route=%2Fwp%2Fv2%2Fmedia&parent=5451"}],"wp:term":[{"taxonomy":"category","embeddable":true,"href":"https:\/\/archivio.comune.potenza.it\/index.php?rest_route=%2Fwp%2Fv2%2Fcategories&post=5451"},{"taxonomy":"post_tag","embeddable":true,"href":"https:\/\/archivio.comune.potenza.it\/index.php?rest_route=%2Fwp%2Fv2%2Ftags&post=5451"}],"curies":[{"name":"wp","href":"https:\/\/api.w.org\/{rel}","templated":true}]}}