{"id":5453,"date":"2012-06-29T23:59:00","date_gmt":"2012-06-29T21:59:00","guid":{"rendered":"http:\/\/archivio.comune.potenza.it\/comune_wp\/?p=5453"},"modified":"2012-06-29T23:59:00","modified_gmt":"2012-06-29T21:59:00","slug":"milan-junior-camp-day-25-29-giugno-2012","status":"publish","type":"post","link":"https:\/\/archivio.comune.potenza.it\/?p=5453","title":{"rendered":"Milan Junior Camp Day, 25 -29 giugno 2012"},"content":{"rendered":"<p><img decoding=\"async\" src=\"images\/multimediali_new\/eventi-e-manifestazioni\/2012\/06\/o.jpg\" border=\"0\" style=\"border: 0; float: left; margin: 10px;\" \/><\/p>\n<p class=\"MsoSubtitle\" style=\"line-height: 11.25pt; text-align: justify;\"><span style=\"color: black; line-height: 11.25pt;\">Da luned\u00ec a Potenza, numerosi bambini per il<\/span><strong style=\"color: black; line-height: 11.25pt;\"> Milan Junior\u00a0<\/strong><strong style=\"color: black; line-height: 11.25pt;\">Camp.<\/strong><span style=\"color: black; line-height: 11.25pt;\"> Possibili selezioni per il Mi<\/span><strong style=\"color: black; line-height: 11.25pt;\">lan Junior Camp Day, <\/strong><span style=\"color: black; line-height: 11.25pt;\">a Milano.<\/span><\/p>\n<p class=\"MsoSubtitle\" style=\"line-height: 11.25pt; text-align: justify;\"><span style=\"color: black;\">Una settimana dedicata interamente ai bambini che da l<strong>uned\u00ec 25 a venerd\u00ec 29 giugno, a Potenza, al Campo Sportivo &#8221; Viviani&#8221;, <\/strong>parteciperanno all&#8217;Adidas Milan Junior Camp.<\/span><\/p>\n<p class=\"MsoSubtitle\" style=\"line-height: 11.25pt; text-align: justify;\"><span style=\"color: black; line-height: 11.25pt;\">L&#8217;iniziativa voluta dalla promoter Annamaria Sodano e responsabile della Comunicazione della Societ\u00e0 rossonera, \u00e8 il risultato di un lavoro svolto da tutta la Societ\u00e0 Lucana che accoglier\u00e0 oltre 60 bambini anche di territori vicini al capoluogo lucano.<\/span><\/p>\n<p class=\"MsoNormal\" style=\"text-align: justify;\"><span style=\"font-family: Arial;\"><span style=\"font-size: 15px; letter-spacing: 1px;\"><br \/><\/span><\/span><\/p>\n","protected":false},"excerpt":{"rendered":"<p>Da luned\u00ec a Potenza, numerosi bambini per il Milan Junior\u00a0Camp. Possibili selezioni per il Milan Junior Camp Day, a Milano. Una settimana dedicata interamente ai &#8230; <\/p>\n","protected":false},"author":1,"featured_media":0,"comment_status":"closed","ping_status":"closed","sticky":false,"template":"single-sidebar.php","format":"standard","meta":{"footnotes":""},"categories":[83],"tags":[],"class_list":["post-5453","post","type-post","status-publish","format-standard","hentry","category-c252-archivio-eventi14-252"],"_links":{"self":[{"href":"https:\/\/archivio.comune.potenza.it\/index.php?rest_route=\/wp\/v2\/posts\/5453"}],"collection":[{"href":"https:\/\/archivio.comune.potenza.it\/index.php?rest_route=\/wp\/v2\/posts"}],"about":[{"href":"https:\/\/archivio.comune.potenza.it\/index.php?rest_route=\/wp\/v2\/types\/post"}],"author":[{"embeddable":true,"href":"https:\/\/archivio.comune.potenza.it\/index.php?rest_route=\/wp\/v2\/users\/1"}],"replies":[{"embeddable":true,"href":"https:\/\/archivio.comune.potenza.it\/index.php?rest_route=%2Fwp%2Fv2%2Fcomments&post=5453"}],"version-history":[{"count":0,"href":"https:\/\/archivio.comune.potenza.it\/index.php?rest_route=\/wp\/v2\/posts\/5453\/revisions"}],"wp:attachment":[{"href":"https:\/\/archivio.comune.potenza.it\/index.php?rest_route=%2Fwp%2Fv2%2Fmedia&parent=5453"}],"wp:term":[{"taxonomy":"category","embeddable":true,"href":"https:\/\/archivio.comune.potenza.it\/index.php?rest_route=%2Fwp%2Fv2%2Fcategories&post=5453"},{"taxonomy":"post_tag","embeddable":true,"href":"https:\/\/archivio.comune.potenza.it\/index.php?rest_route=%2Fwp%2Fv2%2Ftags&post=5453"}],"curies":[{"name":"wp","href":"https:\/\/api.w.org\/{rel}","templated":true}]}}