{"id":5454,"date":"2012-06-28T20:00:00","date_gmt":"2012-06-28T18:00:00","guid":{"rendered":"http:\/\/archivio.comune.potenza.it\/comune_wp\/?p=5454"},"modified":"2012-06-28T20:00:00","modified_gmt":"2012-06-28T18:00:00","slug":"parole-in-transito","status":"publish","type":"post","link":"https:\/\/archivio.comune.potenza.it\/?p=5454","title":{"rendered":"Parole in transito"},"content":{"rendered":"<p class=\"MsoNormal\" style=\"text-align: justify; margin: 0cm 0cm 10pt;\"><span style=\"line-height: 115%; font-family: 'Arial','sans-serif'; font-size: 12pt;\"><span style=\"color: #000000;\"><strong><span style=\"line-height: 115%; font-family: 'Arial','sans-serif'; font-size: 12pt;\"><span style=\"color: #000000;\"><span style=\"line-height: 115%; font-family: 'Arial','sans-serif'; font-size: 12pt;\"><span style=\"color: #000000;\"><strong><span style=\"line-height: 115%; font-family: 'Arial','sans-serif'; font-size: 12pt;\"><span style=\"color: #000000;\"><img decoding=\"async\" src=\"images\/multimediali_new\/eventi-e-manifestazioni\/2012\/06\/festival100scale.jpg\" border=\"0\" style=\"border: 0; float: left; margin: 10px;\" \/><\/span><\/span><\/strong><\/span><\/span><\/span><\/span><\/strong><span style=\"line-height: 115%; font-family: 'Arial','sans-serif'; font-size: 12pt;\"><span style=\"color: #000000;\">Festival citt\u00e0 delle 100 scale<\/span><\/span><\/span><\/span><\/p>\n<p class=\"MsoNormal\" style=\"text-align: justify; margin: 0cm 0cm 10pt;\"><span style=\"line-height: 115%; font-family: 'Arial','sans-serif'; font-size: 12pt;\"><span style=\"color: #000000;\"><strong>L&#8217;identit\u00e0 della comunit\u00e0 \u00e8 nella relazione<\/strong> di Aldo Bonomi<\/span><\/span><\/p>\n<p class=\"MsoNormal\" style=\"text-align: justify; margin: 0cm 0cm 10pt;\"><span style=\"line-height: 115%; font-family: 'Arial','sans-serif'; font-size: 12pt;\"><span style=\"color: #000000;\">Gioved\u00ec 28 giugno \/ ore 17.30<\/span><\/span><\/p>\n<p class=\"MsoNormal\" style=\"text-align: justify; margin: 0cm 0cm 10pt;\"><span style=\"line-height: 115%; font-family: 'Arial','sans-serif'; font-size: 12pt;\"><span style=\"color: #000000;\">Potenza, Ridotto Teatro Francesco Stabile<\/span><\/span><\/p>\n<p class=\"MsoNormal\" style=\"text-align: justify; margin: 0cm 0cm 10pt;\">\u00a0<\/p>\n<p>  <!--more-->  <\/p>\n<p class=\"MsoNormal\" style=\"text-align: justify; margin: 0cm 0cm 10pt;\"><span style=\"line-height: 115%; font-family: 'Arial','sans-serif'; font-size: 12pt;\"><span style=\"color: #000000;\">Aldo Bonomi <\/span><\/span><\/p>\n<p class=\"MsoNormal\" style=\"text-align: justify; margin: 0cm 0cm 10pt;\"><span style=\"line-height: 115%; font-family: 'Arial','sans-serif'; font-size: 12pt;\"><span style=\"color: #000000;\">Societ\u00e0 postmoderna e postindustriale, produzione immateriale e terziarizzazione. Se la letteratura teorica, che ha analizzato le trasformazioni degli ultimi vent&#8217;anni, ha elaborato diverse categorie interpretative per definire il mondo attuale e i modi di produzione su cui si fonda, Aldo Bonomi, invece, parte da una ricerca per cos\u00ec dire empirica, dove i fenomeni sociali sono analizzati &#8220;dal basso&#8221;, in relazione a quattro processi chiave: la scomposizione del lavoro, il superamento della fabbrica fordista, la dissoluzione delle appartenenze, l&#8217;impatto della tecnica. Un approccio pi\u00f9 interessante che gli permette di evitare l&#8217;errore di tanti, che riducono la grande trasformazione a un unico concetto, la transizione dal fordismo al postfordismo.<\/span><\/span><\/p>\n<p class=\"MsoNormal\" style=\"text-align: justify; margin: 0cm 0cm 10pt;\"><span style=\"line-height: 115%; font-family: 'Arial','sans-serif'; font-size: 12pt;\"><span style=\"color: #000000;\">Sociologo italiano, nato a Sondrio nel 1950, nel 1984 fonda l&#8217;istituto di ricerca Consorzio A.a.s.ter. e negli anni ne ha accompagnato la crescita in qualit\u00e0 di direttore. Mantenendo al centro del suo interesse le dinamiche sociali, antropologiche ed economiche dello sviluppo territoriale, \u00e8 stato consulente della presidenza del Cnel (durante il mandato di G. De Rita). Ha scritto per il Corriere della sera per 7 anni, dal 1997-2004). Dal 2005 cura la rubrica &#8220;Microcosmi&#8221; per Il Sole 24 ore e dirige la rivista &#8220;Communitas&#8221;. E&#8217; autore di numerose pubblicazioni tra cui &#8220;Il capitalismo molecolare&#8221; (1997), nonch\u00e9 i recenti &#8220;Il Rancore &#8211; Alle radici del malessere del Nord&#8221; (2009), &#8220;Sotto la pelle dello Stato \u2013 Rancore, cura, operosit\u00e0&#8221; (2010) ed &#8220;Elogio della depressione&#8221;.<\/span><\/span><\/p>\n<p class=\"MsoNormal\" style=\"text-align: justify; margin: 0cm 0cm 10pt;\">\u00a0<\/p>\n","protected":false},"excerpt":{"rendered":"<p>Festival citt\u00e0 delle 100 scale L&#8217;identit\u00e0 della comunit\u00e0 \u00e8 nella relazione di Aldo Bonomi Gioved\u00ec 28 giugno \/ ore 17.30 Potenza, Ridotto Teatro Francesco Stabile &#8230; <\/p>\n","protected":false},"author":1,"featured_media":0,"comment_status":"closed","ping_status":"closed","sticky":false,"template":"single-sidebar.php","format":"standard","meta":{"footnotes":""},"categories":[83],"tags":[],"class_list":["post-5454","post","type-post","status-publish","format-standard","hentry","category-c252-archivio-eventi14-252"],"_links":{"self":[{"href":"https:\/\/archivio.comune.potenza.it\/index.php?rest_route=\/wp\/v2\/posts\/5454"}],"collection":[{"href":"https:\/\/archivio.comune.potenza.it\/index.php?rest_route=\/wp\/v2\/posts"}],"about":[{"href":"https:\/\/archivio.comune.potenza.it\/index.php?rest_route=\/wp\/v2\/types\/post"}],"author":[{"embeddable":true,"href":"https:\/\/archivio.comune.potenza.it\/index.php?rest_route=\/wp\/v2\/users\/1"}],"replies":[{"embeddable":true,"href":"https:\/\/archivio.comune.potenza.it\/index.php?rest_route=%2Fwp%2Fv2%2Fcomments&post=5454"}],"version-history":[{"count":0,"href":"https:\/\/archivio.comune.potenza.it\/index.php?rest_route=\/wp\/v2\/posts\/5454\/revisions"}],"wp:attachment":[{"href":"https:\/\/archivio.comune.potenza.it\/index.php?rest_route=%2Fwp%2Fv2%2Fmedia&parent=5454"}],"wp:term":[{"taxonomy":"category","embeddable":true,"href":"https:\/\/archivio.comune.potenza.it\/index.php?rest_route=%2Fwp%2Fv2%2Fcategories&post=5454"},{"taxonomy":"post_tag","embeddable":true,"href":"https:\/\/archivio.comune.potenza.it\/index.php?rest_route=%2Fwp%2Fv2%2Ftags&post=5454"}],"curies":[{"name":"wp","href":"https:\/\/api.w.org\/{rel}","templated":true}]}}