{"id":5463,"date":"2012-06-26T12:00:39","date_gmt":"2012-06-26T10:00:39","guid":{"rendered":"http:\/\/archivio.comune.potenza.it\/comune_wp\/?p=5463"},"modified":"2012-06-26T12:00:39","modified_gmt":"2012-06-26T10:00:39","slug":"gesualdi-dare-priorita-alle-politiche-abitative","status":"publish","type":"post","link":"https:\/\/archivio.comune.potenza.it\/?p=5463","title":{"rendered":"Gesualdi: dare priorit\u00e0 alle politiche abitative"},"content":{"rendered":"<p style=\"text-align: justify;\"><span style=\"font-size: 11pt;\">In una nota il consigliere comunale del gruppo \u2018con Santarsiero per Potenza\u2019, Filippo Gesualdi, intervenendo \u201csulla grave situazione di disagio\u00a0abitativo\u00a0che colpisce soprattutto le\u00a0fasce sociali pi\u00f9 deboli del capoluogo\u201d, ha dichiarato di ritenere \u201cammirevole l\u2019iniziativa dell\u2019assessorato alle Politiche sociali di concerto con il Sindacato degli inquilini, quella di reperire alloggi sfitti sul territorio e porli sul mercato con contratti d\u2019affitto assistiti a canone calmierato, per andare incontro alle esigenze di coloro che non possono accedere ai bandi per le case popolari perch\u00e9 superano il reddito consentito e che per\u00f2 non sono in condizioni da permettersi il pagamento di un canone di locazione esoso. Si tratta, per\u00f2, di qualcosa che non risolve il problema avendo a disposizione poco pi\u00f9 di 60.000 euro; stessa cosa dicasi per l\u2019intenzione di acquisire in locazione dall\u2019Ater, sperimentalmente per tre anni,\u00a0 circa 233,25 mq. di superficie a un canone di locazione pari a 1,20 euro al mq, per la realizzazione di alloggi per disabili, denominato \u2018casa Domotica\u2019, la cui relativa spesa per il pagamento del canone di locazione, purtroppo, \u00e8 da prevedere nei bilanci futuri vale a dire nelle annualit\u00e0 2015-2017. Si tratta comunque di progetti che provano a rispondere alla domanda di alloggio, soprattutto per chi non sia nelle condizioni di acquistare una casa, ma cerchi un fitto con un canone sopportabile, in un momento in cui l\u2019Italia intera \u00e8 turbata dalle notizie delle decine e decine di migliaia di sfratti esecutivi per morosit\u00e0 che riguardano soprattutto famiglie che in condizioni di disagio non riescono a pagare l\u2019affitto. In quest\u2019ottica, per\u00f2, stona il caso dell\u2019ex Consiglio regionale, immobile ristrutturato di propriet\u00e0\u2019Ater, nel quale sono stati ricavati 36 appartamenti di diversa metratura e che a breve l\u2019Ater dovrebbe assegnare in locazione tramite bando pubblico con canone calmierato che si dovrebbe aggirare dai 400 ai 700 euro, cifra che non mi sembra davvero un canone sociale. Dunque una situazione allarmante che anche nella nostra Regione costituisce una acuta sofferenza sociale, e che, senza iniziative adeguate di contrasto, \u00a0nei prossimi anni aumenter\u00e0 notevolmente, considerato come, anche quest\u2019anno, il nostro Comune non abbia potuto provvedere all\u2019emanazione del bando per il sostegno alla locazione per il mancato stanziamento dei fondi regionali. Serve quindi un\u2019inversione di tendenza nella politica abitativa da parte dello Stato \u2013 conclude il consigliere Gesualdi \u2013 che dovrebbe utilizzare parte delle risorse destinate al \u2018social housing\u2019 per far fronte alle pressanti richieste abitative, in una situazione che impone alle istituzioni urgenti provvedimenti e misure tese a garantire a tutti il diritto alla casa e la possibilit\u00e0 di arrivare \u00a0a fine mese, onorando anche il canone di\u00a0 affitto\u201d.<\/span><span style=\"font-size: 11pt; font-family: Arial, sans-serif;\">\u00a0<\/span><\/p>\n","protected":false},"excerpt":{"rendered":"<p>In una nota il consigliere comunale del gruppo \u2018con Santarsiero per Potenza\u2019, Filippo Gesualdi, intervenendo \u201csulla grave situazione di disagio\u00a0abitativo\u00a0che colpisce soprattutto le\u00a0fasce sociali pi\u00f9 &#8230; <\/p>\n","protected":false},"author":1,"featured_media":0,"comment_status":"closed","ping_status":"closed","sticky":false,"template":"single-sidebar.php","format":"standard","meta":{"footnotes":""},"categories":[63],"tags":[],"class_list":["post-5463","post","type-post","status-publish","format-standard","hentry","category-news"],"_links":{"self":[{"href":"https:\/\/archivio.comune.potenza.it\/index.php?rest_route=\/wp\/v2\/posts\/5463"}],"collection":[{"href":"https:\/\/archivio.comune.potenza.it\/index.php?rest_route=\/wp\/v2\/posts"}],"about":[{"href":"https:\/\/archivio.comune.potenza.it\/index.php?rest_route=\/wp\/v2\/types\/post"}],"author":[{"embeddable":true,"href":"https:\/\/archivio.comune.potenza.it\/index.php?rest_route=\/wp\/v2\/users\/1"}],"replies":[{"embeddable":true,"href":"https:\/\/archivio.comune.potenza.it\/index.php?rest_route=%2Fwp%2Fv2%2Fcomments&post=5463"}],"version-history":[{"count":0,"href":"https:\/\/archivio.comune.potenza.it\/index.php?rest_route=\/wp\/v2\/posts\/5463\/revisions"}],"wp:attachment":[{"href":"https:\/\/archivio.comune.potenza.it\/index.php?rest_route=%2Fwp%2Fv2%2Fmedia&parent=5463"}],"wp:term":[{"taxonomy":"category","embeddable":true,"href":"https:\/\/archivio.comune.potenza.it\/index.php?rest_route=%2Fwp%2Fv2%2Fcategories&post=5463"},{"taxonomy":"post_tag","embeddable":true,"href":"https:\/\/archivio.comune.potenza.it\/index.php?rest_route=%2Fwp%2Fv2%2Ftags&post=5463"}],"curies":[{"name":"wp","href":"https:\/\/api.w.org\/{rel}","templated":true}]}}