{"id":5478,"date":"2012-06-27T10:53:21","date_gmt":"2012-06-27T08:53:21","guid":{"rendered":"http:\/\/archivio.comune.potenza.it\/comune_wp\/?p=5478"},"modified":"2012-06-27T10:53:21","modified_gmt":"2012-06-27T08:53:21","slug":"santarsiero-sud-occasione-per-paese-ma-partendo-da-protagonismo-territori","status":"publish","type":"post","link":"https:\/\/archivio.comune.potenza.it\/?p=5478","title":{"rendered":"Santarsiero:Sud occasione per Paese ma partendo da protagonismo territori"},"content":{"rendered":"<p style=\"text-align: justify;\"><span style=\"font-size: 11.0pt; mso-fareast-font-family: 'Times New Roman'; color: black; mso-fareast-language: IT;\">\u201cIl Sud non \u00e8 una palla al piede, piuttosto una grande opportunit\u00e0 per l\u2019intero Paese. A patto, per\u00f2, che si riparta dallo sviluppo endogeno dei territori e che la questione meridionale si collochi in modo naturale nella pi\u00f9 ampia questione mediterranea\u201d. E\u2019 la convinzione che rilancia Vito Santarsiero, sindaco di Potenza e delegato Anci al Mezzogiorno, intervistato sulle pagine di Anci Rivista.<\/span><span style=\"color: black; font-size: 11pt;\">Secondo Santarsiero, la cui riflessione parte dai dati soci-economici che fotografano una situazione di profondo malessere, bisogna analizzare in modo corretto i motivi che hanno portato al fallimento dell\u2019intervento straordinario nel Mezzogiorno. Quel fallimento \u201crappresenta l\u2019altra faccia di un\u2019 azione che ha visto s\u00ec grandi trasferimenti di risorse, ma con il Sud collocato in un progetto complessivo non per s\u00e9, bens\u00ec funzionale alla grande industria del Nord. Non comprendere questo significa fare una analisi debole di quello che \u00e8 successo negli ultimi 50 anni nelle regioni meridionali\u201d, sottolinea il sindaco di Potenza.<\/span><span style=\"color: black; font-size: 11pt;\">Ma per il delegato Anci un altro passo da compiere \u00e8 quello di comprendere che esistono vari prototipi di Sud. E\u2019 partendo da questa ricognizione avviata su\u00a0<\/span><em style=\"color: black; font-size: 11pt;\">imput<\/em><span style=\"color: black; font-size: 11pt;\">\u00a0del ministro della coesione Fabrizio Barca che \u201csi pu\u00f2 costruire un modello endogeno di sviluppo per la promozione dal territorio che deve assolutamente basarsi sul protagonismo diretto dei territori e delle aree urbane. Un aspetto che mancava del tutto nella logica \u2018centralistica\u2019 dell\u2019intervento straordinario e che, invece, &#8211; conclude Santarsiero &#8211; viene fortemente \u2018raccomandato\u2019 dalle politiche che l\u2019Europa suggerisce per accorciare le distanze tra i territori\u201d. (gp)<\/span><\/p>\n","protected":false},"excerpt":{"rendered":"<p>\u201cIl Sud non \u00e8 una palla al piede, piuttosto una grande opportunit\u00e0 per l\u2019intero Paese. A patto, per\u00f2, che si riparta dallo sviluppo endogeno dei &#8230; <\/p>\n","protected":false},"author":1,"featured_media":0,"comment_status":"closed","ping_status":"closed","sticky":false,"template":"single-sidebar.php","format":"standard","meta":{"footnotes":""},"categories":[63],"tags":[],"class_list":["post-5478","post","type-post","status-publish","format-standard","hentry","category-news"],"_links":{"self":[{"href":"https:\/\/archivio.comune.potenza.it\/index.php?rest_route=\/wp\/v2\/posts\/5478"}],"collection":[{"href":"https:\/\/archivio.comune.potenza.it\/index.php?rest_route=\/wp\/v2\/posts"}],"about":[{"href":"https:\/\/archivio.comune.potenza.it\/index.php?rest_route=\/wp\/v2\/types\/post"}],"author":[{"embeddable":true,"href":"https:\/\/archivio.comune.potenza.it\/index.php?rest_route=\/wp\/v2\/users\/1"}],"replies":[{"embeddable":true,"href":"https:\/\/archivio.comune.potenza.it\/index.php?rest_route=%2Fwp%2Fv2%2Fcomments&post=5478"}],"version-history":[{"count":0,"href":"https:\/\/archivio.comune.potenza.it\/index.php?rest_route=\/wp\/v2\/posts\/5478\/revisions"}],"wp:attachment":[{"href":"https:\/\/archivio.comune.potenza.it\/index.php?rest_route=%2Fwp%2Fv2%2Fmedia&parent=5478"}],"wp:term":[{"taxonomy":"category","embeddable":true,"href":"https:\/\/archivio.comune.potenza.it\/index.php?rest_route=%2Fwp%2Fv2%2Fcategories&post=5478"},{"taxonomy":"post_tag","embeddable":true,"href":"https:\/\/archivio.comune.potenza.it\/index.php?rest_route=%2Fwp%2Fv2%2Ftags&post=5478"}],"curies":[{"name":"wp","href":"https:\/\/api.w.org\/{rel}","templated":true}]}}