{"id":5480,"date":"2012-06-27T16:25:23","date_gmt":"2012-06-27T14:25:23","guid":{"rendered":"http:\/\/archivio.comune.potenza.it\/comune_wp\/?p=5480"},"modified":"2012-06-27T16:25:23","modified_gmt":"2012-06-27T14:25:23","slug":"santarsiero-incontra-rappresentanti-ente-nazionale-sordi","status":"publish","type":"post","link":"https:\/\/archivio.comune.potenza.it\/?p=5480","title":{"rendered":"Santarsiero incontra rappresentanti Ente nazionale Sordi"},"content":{"rendered":"<p style=\"text-align: justify;\"><span style=\"background-color: white;\"><img decoding=\"async\" src=\"images\/phocagallery\/sordi.jpg\" border=\"0\" style=\"border: 0; float: left; margin: 10px;\" \/>\u201cDefiniremo un percorso per mettere l\u2019Amministrazione comunale in condizione di esservi vicino. Il Comune sar\u00e0 dalla vostra parte.\u201d<br \/><\/span><span style=\"background-color: white;\">Cos\u00ec il Sindaco di Potenza, Vito Santarsiero, ai rappresentanti <\/span><span style=\"background-color: white;\">\u00a0<\/span><span style=\"background-color: white;\">dell\u2019ENS, Ente Nazionale Sordi regionale, incontrati nella Sala dell\u2019Arco di Palazzo di Citt\u00e0. Erano presenti il Presidente regionale Cav. Giovanni Gorgoglione anche in qualit\u00e0 di Commissario straordinario della sede provinciale di Matera, il Presidente provinciale di Potenza Domenico D\u2019Alessandro, il segretario regionale Nino Sabatella e due interpreti dell\u2019ANIMU, Tiziana Magno e Flavia Pantaleo.<br \/><\/span><span style=\"background-color: white;\">Argomenti discussi il riconoscimento della LIS<\/span><span style=\"background-color: white;\">\u00a0 <\/span><span style=\"background-color: white;\">ed il sostegno ai sordi partendo dalla necessit\u00e0 di supportare i bambini nelle scuole con interpreti che a tutt\u2019oggi sono pochi e svolgono quasi sempre azione di volontariato.<br \/><\/span><span style=\"background-color: white;\">L\u2019assistente alla comunicazione-hanno detto i rappresentanti dell\u2019ENS- \u00e8 indispensabile quale tramite tra mondo degli udenti e quello dei non udenti. Chiesta la possibilit\u00e0 di attivare negli enti pubblici, compreso l\u2019Ospedale, sportelli informativi o quanto meno la possibilit\u00e0 di un accompagnamento nei vari uffici per farsi comprendere.<br \/><\/span><span style=\"background-color: white;\">Troppe volte<\/span><span style=\"background-color: white;\">\u00a0 <\/span><span style=\"background-color: white;\">-hanno aggiunto- non siamo \u2018ascoltati\u2019 da parte di chi ha l\u2019uso dell\u2019udito, a dimostrazione del fatto che il sentire non \u00e8 una virt\u00f9 fisica ma, soprattutto, una virt\u00f9 di mobilit\u00e0 emotiva\u201d.<br \/><\/span><span style=\"background-color: white;\">\u201cMi far\u00f2 promotore \u2013ha detto Santarsiero- a livello Anci di un documento a sostegno<\/span><span style=\"background-color: white;\">\u00a0 <\/span><span style=\"background-color: white;\">del disegno di legge fermo in Parlamento per il riconoscimento della LIS. Per quanto riguarda il Comune di Potenza valuteremo con gli Uffici in che modo \u00e8 possibile prevedere la istituzione di un sportello informativo o quanto meno di un interprete da affiancare ai dipendenti dell\u2019Ufficio Relazioni con il Pubblico.<br \/><\/span><span style=\"background-color: white;\">Dobbiamo sviluppare \u2013ha aggiunto- una nuova cultura per abbattere le barriere comunicative. Punto di partenza restano le scuole dove \u00e8 indispensabile garantire l\u2019assistenza.\u201d<\/span><\/p>\n","protected":false},"excerpt":{"rendered":"<p>\u201cDefiniremo un percorso per mettere l\u2019Amministrazione comunale in condizione di esservi vicino. Il Comune sar\u00e0 dalla vostra parte.\u201dCos\u00ec il Sindaco di Potenza, Vito Santarsiero, ai &#8230; <\/p>\n","protected":false},"author":1,"featured_media":0,"comment_status":"closed","ping_status":"closed","sticky":false,"template":"single-sidebar.php","format":"standard","meta":{"footnotes":""},"categories":[63],"tags":[],"class_list":["post-5480","post","type-post","status-publish","format-standard","hentry","category-news"],"_links":{"self":[{"href":"https:\/\/archivio.comune.potenza.it\/index.php?rest_route=\/wp\/v2\/posts\/5480"}],"collection":[{"href":"https:\/\/archivio.comune.potenza.it\/index.php?rest_route=\/wp\/v2\/posts"}],"about":[{"href":"https:\/\/archivio.comune.potenza.it\/index.php?rest_route=\/wp\/v2\/types\/post"}],"author":[{"embeddable":true,"href":"https:\/\/archivio.comune.potenza.it\/index.php?rest_route=\/wp\/v2\/users\/1"}],"replies":[{"embeddable":true,"href":"https:\/\/archivio.comune.potenza.it\/index.php?rest_route=%2Fwp%2Fv2%2Fcomments&post=5480"}],"version-history":[{"count":0,"href":"https:\/\/archivio.comune.potenza.it\/index.php?rest_route=\/wp\/v2\/posts\/5480\/revisions"}],"wp:attachment":[{"href":"https:\/\/archivio.comune.potenza.it\/index.php?rest_route=%2Fwp%2Fv2%2Fmedia&parent=5480"}],"wp:term":[{"taxonomy":"category","embeddable":true,"href":"https:\/\/archivio.comune.potenza.it\/index.php?rest_route=%2Fwp%2Fv2%2Fcategories&post=5480"},{"taxonomy":"post_tag","embeddable":true,"href":"https:\/\/archivio.comune.potenza.it\/index.php?rest_route=%2Fwp%2Fv2%2Ftags&post=5480"}],"curies":[{"name":"wp","href":"https:\/\/api.w.org\/{rel}","templated":true}]}}