{"id":5494,"date":"2012-07-03T20:00:00","date_gmt":"2012-07-03T18:00:00","guid":{"rendered":"http:\/\/archivio.comune.potenza.it\/comune_wp\/?p=5494"},"modified":"2012-07-03T20:00:00","modified_gmt":"2012-07-03T18:00:00","slug":"parole-in-transito-2012","status":"publish","type":"post","link":"https:\/\/archivio.comune.potenza.it\/?p=5494","title":{"rendered":"Parole in transito"},"content":{"rendered":"<p class=\"Pa1\" style=\"margin: 0cm 0cm 0pt;\"><span class=\"A9\"><span style=\"font-family: 'Arial','sans-serif'; mso-bidi-font-size: 12.0pt; mso-ansi-font-size: 12.0pt;\"><span style=\"color: #000000;\"><img decoding=\"async\" src=\"images\/multimediali_new\/eventi-e-manifestazioni\/2012\/06\/festival100scale.jpg\" border=\"0\" style=\"border: 0; float: left; margin: 10px;\" \/>IV Edizione del \u201cFestival Citt\u00e0 delle 100 scale\u201d<\/span><\/span><\/span><\/p>\n<p class=\"Pa1\" style=\"margin: 0cm 0cm 0pt;\"><span style=\"color: #000000;\"><span class=\"A9\"><span style=\"font-family: 'Arial','sans-serif'; mso-bidi-font-size: 12.0pt; mso-ansi-font-size: 12.0pt;\">mar. 3 luglio \/ ore 17.30<\/span><\/span><\/span><\/p>\n<p class=\"Pa1\" style=\"margin: 0cm 0cm 0pt;\"><span style=\"color: #000000;\"><span class=\"A9\"><span style=\"font-family: 'Arial','sans-serif'; font-weight: normal; mso-bidi-font-size: 12.0pt; mso-ansi-font-size: 12.0pt;\">Potenza, Ridotto Teatro Francesco Stabile<\/span><\/span><\/span><\/p>\n<p class=\"Pa1\" style=\"margin: 0cm 0cm 0pt;\"><span style=\"color: #000000;\"><span class=\"A9\"><span style=\"font-family: 'Arial','sans-serif'; font-weight: normal; mso-bidi-font-weight: bold; mso-bidi-font-size: 12.0pt; mso-ansi-font-size: 12.0pt;\">Isabella Pezzini: <\/span><\/span><\/span><span style=\"color: #000000;\"><span class=\"A9\"><span style=\"font-family: 'Arial','sans-serif'; font-weight: normal; mso-bidi-font-weight: bold; mso-bidi-font-size: 12.0pt; mso-ansi-font-size: 12.0pt;\"><strong>spazio 1 Nuovi musei paesaggi urbani<\/strong><\/span><\/span><strong><\/strong><\/span><\/p>\n<p class=\"Pa1\" style=\"margin: 0cm 0cm 0pt;\"><span style=\"color: #000000;\"><span class=\"A9\"><span style=\"font-family: 'Arial','sans-serif'; font-weight: normal; mso-bidi-font-weight: bold; mso-bidi-font-size: 12.0pt; mso-ansi-font-size: 12.0pt;\">Claudio Bertorelli: <\/span><\/span><\/span><strong><span style=\"color: #000000;\"><span class=\"A9\"><span style=\"font-family: 'Arial','sans-serif'; mso-bidi-font-weight: bold; mso-bidi-font-size: 12.0pt; mso-ansi-font-size: 12.0pt;\">spazio 2 La citt\u00e0 del vuoto<\/span><\/span><\/span><\/strong><\/p>\n<p class=\"Pa1\" style=\"margin: 0cm 0cm 0pt;\"><span style=\"color: #000000;\"><span class=\"A9\"><span style=\"font-family: 'Arial','sans-serif'; font-weight: normal; mso-bidi-font-weight: bold; mso-bidi-font-size: 12.0pt; mso-ansi-font-size: 12.0pt;\">Franco Zagari: <\/span><\/span><\/span><strong><span class=\"A9\"><span style=\"line-height: 115%; font-family: 'Arial','sans-serif'; font-size: 12pt; mso-bidi-font-weight: bold;\"><span style=\"color: #000000;\">spazio 3 Paesaggi di citt\u00e0 non citt\u00e0<\/span><\/span><\/span><\/strong><\/p>\n<p class=\"Pa1\" style=\"margin: 0cm 0cm 0pt;\">\u00a0<\/p>\n<p>  <!--more-->  <\/p>\n<p class=\"Pa1\" style=\"margin: 0cm 0cm 0pt;\">\u00a0<\/p>\n<p class=\"MsoNormal\" style=\"line-height: 12.05pt; margin: 0cm 0cm 0pt; mso-layout-grid-align: none;\"><strong><span style=\"font-family: 'Arial','sans-serif'; color: black; font-size: 12pt;\">ISABELLA PEZZINI<\/span><\/strong><\/p>\n<p class=\"MsoNormal\" style=\"text-align: justify; line-height: 12.05pt; margin: 0cm 0cm 0pt; mso-layout-grid-align: none;\"><span style=\"font-family: 'Arial','sans-serif'; color: black; font-size: 12pt;\">Dall\u2019analisi del discorso alla semiotica dello spazio e dell\u2019architettura della citt\u00e0. Isabella Pezzini ha mutato e ampliato con il tempo i campi di interesse e di studio. Nella sua ricerca ha sempre cercato di sviluppare lo studio della narrativit\u00e0 e l\u2019analisi del discorso estendendone poi la portata alla sociosemiotica e alla semiotica della cultura. Solo di recente ha rivolto lo sguardo \u201cal mondo urbano\u201d con particolare interesse per i luoghi di consumo e i musei. Si \u00e8 formata a Bologna (con Umberto Eco, Paolo Fabbri) e Parigi (con Algirdas Julien Greimas). \u00c8 responsabile di una unit\u00e0 di ricerca nel progetto Cofin sull \u201cScrittura e riscrittura della citt\u00e0\u201d. Tra i suoi libri \u201cScene dal consumo. Dallo shopping al museo\u201d e \u201cImmagini quotidiane. Sociosemiotica visuale\u201d.<\/span><\/p>\n<p class=\"MsoNormal\" style=\"line-height: 12.05pt; margin: 0cm 0cm 0pt; mso-layout-grid-align: none;\"><strong><span style=\"font-family: 'Arial','sans-serif'; color: black; font-size: 12pt;\">\u00a0<\/span><\/strong><\/p>\n<p class=\"MsoNormal\" style=\"line-height: 12.05pt; margin: 0cm 0cm 0pt; mso-layout-grid-align: none;\"><strong><span style=\"font-family: 'Arial','sans-serif'; color: black; font-size: 12pt;\">CLAUDIO BERTORELLI<\/span><\/strong><\/p>\n<p class=\"MsoNormal\" style=\"text-align: justify; line-height: 12.05pt; margin: 0cm 0cm 0pt; mso-layout-grid-align: none;\"><span style=\"font-family: 'Arial','sans-serif'; color: black; font-size: 12pt;\">Da anni affronta un percorso di ricerca operativa finalizzato alla costituzione di nuovi modelli nel campo dell\u2019analisi urbana, del design e della progettazione architettonica. Interessato allo sviluppo di start-up innovativi, nel 2002 ha fondato il centro studi \u201cUsine. Tra le varie attivit\u00e0 promosse, la mostra d\u2019esordio \u201cLuigi Snozzi, Silvia Gmur e Livio Vacchini a confronto\u201d, il corto \u201cDialoghi<\/span><\/p>\n<p class=\"MsoNormal\" style=\"text-align: justify; line-height: 12.05pt; margin: 0cm 0cm 0pt; mso-layout-grid-align: none;\"><span style=\"font-family: 'Arial','sans-serif'; color: black; font-size: 12pt;\">Aperti con Luigi Snozzi e Livio Vacchini\u201d. Con Sergio Ornella, ha realizzato \u201cPiani e Vuoti\u201d. <\/span><\/p>\n<p class=\"MsoNormal\" style=\"text-align: justify; line-height: 12.05pt; margin: 0cm 0cm 0pt; mso-layout-grid-align: none;\"><span style=\"font-family: 'Arial','sans-serif'; color: black; font-size: 12pt;\">E ancora il progetto di un \u201cNuovo sistema di visita della citt\u00e0 di Vittorio Veneto\u201d. <\/span><\/p>\n<p class=\"MsoNormal\" style=\"text-align: justify; line-height: 12.05pt; margin: 0cm 0cm 0pt; mso-layout-grid-align: none;\"><span style=\"font-family: 'Arial','sans-serif'; color: black; font-size: 12pt;\">Nel 2007 ha ideato il festival \u201cComoda_mente\u201d, di cui \u00e8 oggi direttore artistico. Ha poi partecipato alla Biennale di Architettura di Venezia con \u201cNexTrieste\u201d. L\u2019anno successivo \u00e8 stata la volta di \u201cLast\u201d, laboratorio Master dell\u2019Universit\u00e0 di Trieste, di cui \u00e8 responsabile operativo. Nel 2005 ha ideato e fondato \u201cAspro\u201d assieme a Nicola Mattarolo.<\/span><\/p>\n<p class=\"MsoNormal\" style=\"text-align: justify; line-height: 12.05pt; margin: 0cm 0cm 0pt; mso-layout-grid-align: none;\"><strong><span style=\"font-family: 'Arial','sans-serif'; color: black; font-size: 12pt;\">\u00a0<\/span><\/strong><\/p>\n<p class=\"MsoNormal\" style=\"line-height: 12.05pt; margin: 0cm 0cm 0pt; mso-layout-grid-align: none;\"><strong><span style=\"font-family: 'Arial','sans-serif'; color: black; font-size: 12pt;\">FRANCO ZAGARI<\/span><\/strong><\/p>\n<p class=\"MsoNormal\" style=\"text-align: justify; margin: 0cm 0cm 10pt;\"><span style=\"line-height: 115%; font-family: 'Arial','sans-serif'; color: black; font-size: 12pt;\">Riqualificare il paesaggio urbano. Che muta assieme alla materia con lo scorrere del tempo. \u00c8 questa la mission di Franco Zagari, in una realt\u00e0 come quella italiana che vanta un patrimonio architettonico stratificatosi in oltre due millenni, in cui anche le aree isolate sono segnate dall\u2019insediamento umano e in cui la progettazione del paesaggio ha come aspetto centrale la costruibilit\u00e0 in funzione e al servizio dell\u2019uomo. Le sue opere testimoniano un approccio al progetto basato sull\u2019ibridazione tra elementi fisici e immateriali, sulla interpretazione e anticipazione di comportamenti, sull\u2019interattivit\u00e0. Fra le realizzazioni pi\u00f9 rappresentative Villa Leopardi a Roma, piazza Matteotti a Catanzaro, il centro di accoglienza delle Grotte preistoriche di Niaux, in Francia, piazza Amedeo di Savoia a Cisterna di Latina. E ancora piazza Montecitorio e l\u2019Auditorium Parco della Musica a Roma in qualit\u00e0 di consulente di Renzo Piano, il sistema delle piazze centrali di Saint-Denis, Parigi. Tra i suoi saggi ricordiamo \u201cGiardini. Manuale di progettazione\u201d e \u201cPaesaggi di citt\u00e0 non citt\u00e0\u201d.<\/span><strong style=\"mso-bidi-font-weight: normal;\"><\/strong><\/p>\n","protected":false},"excerpt":{"rendered":"<p>IV Edizione del \u201cFestival Citt\u00e0 delle 100 scale\u201d mar. 3 luglio \/ ore 17.30 Potenza, Ridotto Teatro Francesco Stabile Isabella Pezzini: spazio 1 Nuovi musei &#8230; <\/p>\n","protected":false},"author":1,"featured_media":0,"comment_status":"closed","ping_status":"closed","sticky":false,"template":"single-sidebar.php","format":"standard","meta":{"footnotes":""},"categories":[83],"tags":[],"class_list":["post-5494","post","type-post","status-publish","format-standard","hentry","category-c252-archivio-eventi14-252"],"_links":{"self":[{"href":"https:\/\/archivio.comune.potenza.it\/index.php?rest_route=\/wp\/v2\/posts\/5494"}],"collection":[{"href":"https:\/\/archivio.comune.potenza.it\/index.php?rest_route=\/wp\/v2\/posts"}],"about":[{"href":"https:\/\/archivio.comune.potenza.it\/index.php?rest_route=\/wp\/v2\/types\/post"}],"author":[{"embeddable":true,"href":"https:\/\/archivio.comune.potenza.it\/index.php?rest_route=\/wp\/v2\/users\/1"}],"replies":[{"embeddable":true,"href":"https:\/\/archivio.comune.potenza.it\/index.php?rest_route=%2Fwp%2Fv2%2Fcomments&post=5494"}],"version-history":[{"count":0,"href":"https:\/\/archivio.comune.potenza.it\/index.php?rest_route=\/wp\/v2\/posts\/5494\/revisions"}],"wp:attachment":[{"href":"https:\/\/archivio.comune.potenza.it\/index.php?rest_route=%2Fwp%2Fv2%2Fmedia&parent=5494"}],"wp:term":[{"taxonomy":"category","embeddable":true,"href":"https:\/\/archivio.comune.potenza.it\/index.php?rest_route=%2Fwp%2Fv2%2Fcategories&post=5494"},{"taxonomy":"post_tag","embeddable":true,"href":"https:\/\/archivio.comune.potenza.it\/index.php?rest_route=%2Fwp%2Fv2%2Ftags&post=5494"}],"curies":[{"name":"wp","href":"https:\/\/api.w.org\/{rel}","templated":true}]}}