{"id":5500,"date":"2012-06-29T17:34:03","date_gmt":"2012-06-29T15:34:03","guid":{"rendered":"http:\/\/archivio.comune.potenza.it\/comune_wp\/?p=5500"},"modified":"2012-06-29T17:34:03","modified_gmt":"2012-06-29T15:34:03","slug":"santarsiero-sui-pisus-napoli-dice-cose-clamorosamente-errate","status":"publish","type":"post","link":"https:\/\/archivio.comune.potenza.it\/?p=5500","title":{"rendered":"Santarsiero:sui Pisus Napoli dice cose clamorosamente errate"},"content":{"rendered":"<p style=\"text-align: justify;\"><span style=\"mso-bidi-font-size: 12.0pt; font-family: 'Times New Roman','serif'; background: white;\">\u201cNapoli dice cose clamorosamente errate,offende i Sindaci delle citt\u00e0 capoluogo ed il Presidente della Regione, mostra scarsa conoscenza di cose e fatti, soprattutto in questioni di finanziamenti europei e nazionali.\u201d<br \/><\/span><span style=\"background-color: white; font-family: 'Times New Roman', serif;\">Cos\u00ec Vito Santarsiero, Sindaco di Potenza, in risposta alla nota del consigliere PDL Napoli relativamente all\u2019attuazione dei PISUS.<br \/><\/span><span style=\"background-color: white; font-family: 'Times New Roman', serif;\">\u201cNoi \u2013aggiunge- andiamo avanti per la nostra strada, sapendo di aver garantito alla citt\u00e0 programmi, risorse, tempistica, qualit\u00e0. I fatti sono l\u00ec a parlar chiaro, come esposto in Consiglio comunale solo qualche settimana fa.\u201d<\/span><\/p>\n","protected":false},"excerpt":{"rendered":"<p>\u201cNapoli dice cose clamorosamente errate,offende i Sindaci delle citt\u00e0 capoluogo ed il Presidente della Regione, mostra scarsa conoscenza di cose e fatti, soprattutto in questioni &#8230; <\/p>\n","protected":false},"author":1,"featured_media":0,"comment_status":"closed","ping_status":"closed","sticky":false,"template":"single-sidebar.php","format":"standard","meta":{"footnotes":""},"categories":[63],"tags":[],"class_list":["post-5500","post","type-post","status-publish","format-standard","hentry","category-news"],"_links":{"self":[{"href":"https:\/\/archivio.comune.potenza.it\/index.php?rest_route=\/wp\/v2\/posts\/5500"}],"collection":[{"href":"https:\/\/archivio.comune.potenza.it\/index.php?rest_route=\/wp\/v2\/posts"}],"about":[{"href":"https:\/\/archivio.comune.potenza.it\/index.php?rest_route=\/wp\/v2\/types\/post"}],"author":[{"embeddable":true,"href":"https:\/\/archivio.comune.potenza.it\/index.php?rest_route=\/wp\/v2\/users\/1"}],"replies":[{"embeddable":true,"href":"https:\/\/archivio.comune.potenza.it\/index.php?rest_route=%2Fwp%2Fv2%2Fcomments&post=5500"}],"version-history":[{"count":0,"href":"https:\/\/archivio.comune.potenza.it\/index.php?rest_route=\/wp\/v2\/posts\/5500\/revisions"}],"wp:attachment":[{"href":"https:\/\/archivio.comune.potenza.it\/index.php?rest_route=%2Fwp%2Fv2%2Fmedia&parent=5500"}],"wp:term":[{"taxonomy":"category","embeddable":true,"href":"https:\/\/archivio.comune.potenza.it\/index.php?rest_route=%2Fwp%2Fv2%2Fcategories&post=5500"},{"taxonomy":"post_tag","embeddable":true,"href":"https:\/\/archivio.comune.potenza.it\/index.php?rest_route=%2Fwp%2Fv2%2Ftags&post=5500"}],"curies":[{"name":"wp","href":"https:\/\/api.w.org\/{rel}","templated":true}]}}