{"id":5504,"date":"2012-07-02T13:29:40","date_gmt":"2012-07-02T11:29:40","guid":{"rendered":"http:\/\/archivio.comune.potenza.it\/comune_wp\/?p=5504"},"modified":"2012-07-02T13:29:40","modified_gmt":"2012-07-02T11:29:40","slug":"comitato-regioni-commissione-coter-approva-emendamenti-santarsiero","status":"publish","type":"post","link":"https:\/\/archivio.comune.potenza.it\/?p=5504","title":{"rendered":"Comitato Regioni:commissione Coter approva emendamenti Santarsiero"},"content":{"rendered":"<p style=\"text-align: justify;\">Approvato dalla Commissione COTER del Comitato delle Regioni il parere sul Quadro Strategico Comune (QSC). \u00a0Il QSC \u00e9 il documento di indirizzo della Commissione UE sul nuovo ciclo di politiche di coesione europea finalizzato a favorire un&#8217;azione di coordinamento fra i cinque fondi strutturali, che dispongono di circa 376 miliardi di euro per il periodo 2014-2020, per realizzare la migliore sinergia e cogliere gli obiettivi di Europa 2020.<br \/>Nel parere accolti tre emendamenti proposti da Vito Santarsiero, Sindaco di Potenza e responsabile Mezzogiorno dell&#8217;ANCI, finalizzati a rafforzare le politiche urbane e garantire autonomia gestionale alle citt\u00e0. &#8220;Si delinea sempre pi\u00f9 chiaramente la strategia di intervento del nuovo ciclo delle politiche di coesione europea. Dopo l&#8217;approvazione dei pareri sui regolamenti dei fondi strutturali, oggi l&#8217;approvazione del parere sullo strumento destinato ad assicurarne il coordinamento e la migliore sinergia- dichiara il Sindaco Santarsiero.<br \/>Siamo soddisfatti &#8211; continua il delegato Mezzogiorno dell&#8217;ANCI- il prossimo ciclo di programmazione sar\u00e0 pi\u00f9 mirato alle esigenze dei territori, disporr\u00e0 di strumenti pi\u00f9 flessibili, sar\u00e0 finalmente orientato alla pianificazione strategica, riconoscer\u00e0 alle aree urbane autonomie e \u00a0centralit\u00e0 nei processi di sviluppo delle aree vaste.<br \/>Si apre una stagione in cui occorre prepararsi, soprattutto nel nostro Mezzogiorno che avr\u00e0 l&#8217;ultima occasione di poter disporre di ingerenti risorse europee. \u00c9 necessario pertanto -conclude Santarsiero- non solo evitare che i fondi europei diventino \u00a0sostitutivi di quelli ordinari, ma soprattutto che il Governo metta a disposizione ulteriori risorse e favorisca un utilizzo integrato per un grande progetto di sviluppo endogeno del Sud&#8221;.\u00a0<\/p>\n","protected":false},"excerpt":{"rendered":"<p>Approvato dalla Commissione COTER del Comitato delle Regioni il parere sul Quadro Strategico Comune (QSC). \u00a0Il QSC \u00e9 il documento di indirizzo della Commissione UE &#8230; <\/p>\n","protected":false},"author":1,"featured_media":0,"comment_status":"closed","ping_status":"closed","sticky":false,"template":"single-sidebar.php","format":"standard","meta":{"footnotes":""},"categories":[63],"tags":[],"class_list":["post-5504","post","type-post","status-publish","format-standard","hentry","category-news"],"_links":{"self":[{"href":"https:\/\/archivio.comune.potenza.it\/index.php?rest_route=\/wp\/v2\/posts\/5504"}],"collection":[{"href":"https:\/\/archivio.comune.potenza.it\/index.php?rest_route=\/wp\/v2\/posts"}],"about":[{"href":"https:\/\/archivio.comune.potenza.it\/index.php?rest_route=\/wp\/v2\/types\/post"}],"author":[{"embeddable":true,"href":"https:\/\/archivio.comune.potenza.it\/index.php?rest_route=\/wp\/v2\/users\/1"}],"replies":[{"embeddable":true,"href":"https:\/\/archivio.comune.potenza.it\/index.php?rest_route=%2Fwp%2Fv2%2Fcomments&post=5504"}],"version-history":[{"count":0,"href":"https:\/\/archivio.comune.potenza.it\/index.php?rest_route=\/wp\/v2\/posts\/5504\/revisions"}],"wp:attachment":[{"href":"https:\/\/archivio.comune.potenza.it\/index.php?rest_route=%2Fwp%2Fv2%2Fmedia&parent=5504"}],"wp:term":[{"taxonomy":"category","embeddable":true,"href":"https:\/\/archivio.comune.potenza.it\/index.php?rest_route=%2Fwp%2Fv2%2Fcategories&post=5504"},{"taxonomy":"post_tag","embeddable":true,"href":"https:\/\/archivio.comune.potenza.it\/index.php?rest_route=%2Fwp%2Fv2%2Ftags&post=5504"}],"curies":[{"name":"wp","href":"https:\/\/api.w.org\/{rel}","templated":true}]}}