{"id":5515,"date":"2012-07-05T20:00:00","date_gmt":"2012-07-05T18:00:00","guid":{"rendered":"http:\/\/archivio.comune.potenza.it\/comune_wp\/?p=5515"},"modified":"2012-07-05T20:00:00","modified_gmt":"2012-07-05T18:00:00","slug":"epos","status":"publish","type":"post","link":"https:\/\/archivio.comune.potenza.it\/?p=5515","title":{"rendered":"Programma Epos per l&#8217;Educazione e la Promozione della Sostenibilit\u00e0 ambientale"},"content":{"rendered":"<p class=\"MsoNormal\" style=\"text-align: justify; line-height: normal; margin: 0cm 0cm 0pt;\"><span style=\"font-family: 'Arial','sans-serif'; font-size: 12pt; mso-fareast-font-family: 'Times New Roman'; mso-fareast-language: IT;\"><span style=\"color: #000000;\"><strong><img loading=\"lazy\" decoding=\"async\" src=\"images\/multimediali_new\/eventi-e-manifestazioni\/2012\/07\/avventure%20urbane.jpg\" border=\"0\" width=\"150\" height=\"100\" style=\"border: 0; float: left; margin: 10px;\" \/>Evento conclusivo del\u00a0<span style=\"mso-spacerun: yes;\">\u00a0<\/span>progetto &#8220;Avventure urbane ovvero la mia citt\u00e0 da un finestrino&#8221;<\/strong> <\/span><\/span><\/p>\n<p class=\"MsoNormal\" style=\"text-align: justify; line-height: normal; margin: 0cm 0cm 0pt;\"><span style=\"font-family: 'Arial','sans-serif'; font-size: 12pt; mso-fareast-font-family: 'Times New Roman'; mso-fareast-language: IT;\"><span style=\"color: #000000;\">Gioved\u00ec 5 luglio, ore .17.00<\/span><\/span><\/p>\n<p class=\"MsoNormal\" style=\"text-align: justify; line-height: normal; margin: 0cm 0cm 0pt;\"><span style=\"font-family: 'Arial','sans-serif'; font-size: 12pt; mso-fareast-font-family: 'Times New Roman'; mso-fareast-language: IT;\"><span style=\"color: #000000;\">Potenza, <\/span><a href=\"http:\/\/www.facebook.com\/pages\/Museo-Archeologico-Provinciale-Potenza\/198087533559847\"><span style=\"color: windowtext; text-decoration: none; text-underline: none;\">Museo Archeologico Provinciale &#8211; <\/span><\/a><\/span><span style=\"font-family: 'Arial','sans-serif'; font-size: 12pt; mso-fareast-font-family: 'Times New Roman'; mso-fareast-language: IT;\"><span style=\"color: #000000;\">ingresso principale Via Ciccotti <\/span><\/span><\/p>\n<p class=\"MsoNormal\" style=\"text-align: justify; margin: 0cm 0cm 10pt;\"><span style=\"color: #000000;\"><span style=\"line-height: 115%; font-family: 'Arial','sans-serif'; font-size: 12pt; mso-fareast-font-family: 'Times New Roman'; mso-fareast-language: IT;\">ingresso secondario Via Lazio, 18<\/span><\/span><span style=\"font-family: 'Arial','sans-serif'; font-size: 12pt; mso-fareast-font-family: 'Times New Roman'; mso-fareast-language: IT;\"><span style=\"color: #000000;\">\u00a0<\/span><\/span><\/p>\n<p>  <!--more-->  <\/p>\n<p class=\"MsoNormal\" style=\"text-align: justify; line-height: normal; margin: 0cm 0cm 0pt;\"><span style=\"font-family: 'Arial','sans-serif'; font-size: 12pt; mso-fareast-font-family: 'Times New Roman'; mso-fareast-language: IT;\"><span style=\"color: #000000;\">Gli allievi delle classi II A, II C e II D della scuola media Giacomo Leopardi di Potenza hanno dato vita ad un laboratorio creativo sui temi del paesaggio urbano.<\/p>\n<p>Esito del laboratorio \u00e8 un&#8217;istallazione interattiva che prevede la possibilit\u00e0 di aprire degli \u201cScrigni Urbani\u201d, contenenti tracce che i ragazzi hanno recuperato lungo la citt\u00e0 e hanno trasformato in pre-testo creativo.<br \/>Gli \u201cscrigni urbani\u201d sono uno sguardo rinnovato sulla citt\u00e0, teso a recuperare due aspetti imprescindibili della citt\u00e0: la sua complessit\u00e0 e la ricchezza dei contesti.<\/p>\n<p>L&#8217;allestimento \u00e8 interattivo.<br \/>I visitatori saranno invitati a scrivere all&#8217;interno del cubo ricordi emotivi legati alla citt\u00e0 (autorizziamo all&#8217;imbratto sui muri!). <\/p>\n<p>L&#8217;allestimento nel suo insieme vuole accompagnare il visitatore verso un vissuto pi\u00f9 sensibile, attento, rispettoso della citt\u00e0 e degli spazi all&#8217;interno dei quali si gioca la vita di una comunit\u00e0 che intorno al bambino dovrebbe sviluppare il baricentro delle proprie dinamiche.<\/p>\n<p>La presentazione dell&#8217;istallazione sar\u00e0 preceduta dal racconto del Prof. Biscaglia dell&#8217;Associazione Basilicata 1799 sul rapporto citt\u00e0-infanzia e da una visita guidata da parte del CeaS il Cielo di Indra.<\/span><\/span><\/p>\n","protected":false},"excerpt":{"rendered":"<p>Evento conclusivo del\u00a0\u00a0progetto &#8220;Avventure urbane ovvero la mia citt\u00e0 da un finestrino&#8221; Gioved\u00ec 5 luglio, ore .17.00 Potenza, Museo Archeologico Provinciale &#8211; ingresso principale Via &#8230; <\/p>\n","protected":false},"author":1,"featured_media":0,"comment_status":"closed","ping_status":"closed","sticky":false,"template":"single-sidebar.php","format":"standard","meta":{"footnotes":""},"categories":[83],"tags":[],"class_list":["post-5515","post","type-post","status-publish","format-standard","hentry","category-c252-archivio-eventi14-252"],"_links":{"self":[{"href":"https:\/\/archivio.comune.potenza.it\/index.php?rest_route=\/wp\/v2\/posts\/5515"}],"collection":[{"href":"https:\/\/archivio.comune.potenza.it\/index.php?rest_route=\/wp\/v2\/posts"}],"about":[{"href":"https:\/\/archivio.comune.potenza.it\/index.php?rest_route=\/wp\/v2\/types\/post"}],"author":[{"embeddable":true,"href":"https:\/\/archivio.comune.potenza.it\/index.php?rest_route=\/wp\/v2\/users\/1"}],"replies":[{"embeddable":true,"href":"https:\/\/archivio.comune.potenza.it\/index.php?rest_route=%2Fwp%2Fv2%2Fcomments&post=5515"}],"version-history":[{"count":0,"href":"https:\/\/archivio.comune.potenza.it\/index.php?rest_route=\/wp\/v2\/posts\/5515\/revisions"}],"wp:attachment":[{"href":"https:\/\/archivio.comune.potenza.it\/index.php?rest_route=%2Fwp%2Fv2%2Fmedia&parent=5515"}],"wp:term":[{"taxonomy":"category","embeddable":true,"href":"https:\/\/archivio.comune.potenza.it\/index.php?rest_route=%2Fwp%2Fv2%2Fcategories&post=5515"},{"taxonomy":"post_tag","embeddable":true,"href":"https:\/\/archivio.comune.potenza.it\/index.php?rest_route=%2Fwp%2Fv2%2Ftags&post=5515"}],"curies":[{"name":"wp","href":"https:\/\/api.w.org\/{rel}","templated":true}]}}