{"id":5517,"date":"2012-07-04T18:00:00","date_gmt":"2012-07-04T16:00:00","guid":{"rendered":"http:\/\/archivio.comune.potenza.it\/comune_wp\/?p=5517"},"modified":"2012-07-04T18:00:00","modified_gmt":"2012-07-04T16:00:00","slug":"conferenza-stampa-apericentro","status":"publish","type":"post","link":"https:\/\/archivio.comune.potenza.it\/?p=5517","title":{"rendered":"Conferenza stampa"},"content":{"rendered":"<p class=\"MsoNormal\" style=\"line-height: normal; margin: 0cm 0cm 0pt; mso-layout-grid-align: none;\"><span style=\"font-family: 'Arial','sans-serif'; font-size: 12pt;\"><span style=\"color: #000000;\">Presentazione \u201c<strong>Apericentro<\/strong>\u201d\u00a0 <\/span><\/span><\/p>\n<p class=\"MsoNormal\" style=\"line-height: normal; margin: 0cm 0cm 0pt; mso-layout-grid-align: none;\"><span style=\"color: #000000;\"><span style=\"font-family: 'Arial','sans-serif'; font-size: 12pt; mso-bidi-font-weight: bold;\">Mercoled\u00ec 4 luglio 2012, <\/span><span style=\"font-family: 'Arial','sans-serif'; font-size: 12pt;\"><span style=\"mso-spacerun: yes;\">\u00a0<\/span><span style=\"mso-bidi-font-weight: bold;\">ore 16.30 <\/span><\/span><\/span><\/p>\n<p class=\"MsoNormal\" style=\"line-height: normal; margin: 0cm 0cm 0pt; mso-layout-grid-align: none;\"><span style=\"font-family: 'Arial','sans-serif'; font-size: 12pt;\"><span style=\"color: #000000;\">Potenza, <span style=\"mso-bidi-font-weight: bold;\">Sala dell&#8217;Arco <\/span>del Palazzo di Citt\u00e0<\/span><\/span><\/p>\n<p class=\"MsoNormal\" style=\"line-height: normal; margin: 0cm 0cm 0pt; mso-layout-grid-align: none;\"><span style=\"font-family: 'Arial','sans-serif'; font-size: 12pt;\"><span style=\"color: #000000;\"><span style=\"font-family: 'Arial','sans-serif'; font-size: 12pt;\"><span style=\"color: #000000;\">L&#8217;evento \u00e8 organizzato dall&#8217;<strong>Associazione Culturale Potenz\u00e8 <\/strong>in collaborazione con i commercianti del Centro Storico di Potenza e con il patrocinio del Comune di Potenza.<\/span><\/span><\/span><\/span><\/p>\n<p class=\"MsoNormal\" style=\"line-height: normal; margin: 0cm 0cm 0pt; mso-layout-grid-align: none;\"><span style=\"font-family: 'Arial','sans-serif'; font-size: 12pt;\"><span style=\"color: #000000;\">\u00a0<\/span><\/span><\/p>\n","protected":false},"excerpt":{"rendered":"<p>Presentazione \u201cApericentro\u201d\u00a0 Mercoled\u00ec 4 luglio 2012, \u00a0ore 16.30 Potenza, Sala dell&#8217;Arco del Palazzo di Citt\u00e0 L&#8217;evento \u00e8 organizzato dall&#8217;Associazione Culturale Potenz\u00e8 in collaborazione con i &#8230; <\/p>\n","protected":false},"author":1,"featured_media":0,"comment_status":"closed","ping_status":"closed","sticky":false,"template":"single-sidebar.php","format":"standard","meta":{"footnotes":""},"categories":[83],"tags":[],"class_list":["post-5517","post","type-post","status-publish","format-standard","hentry","category-c252-archivio-eventi14-252"],"_links":{"self":[{"href":"https:\/\/archivio.comune.potenza.it\/index.php?rest_route=\/wp\/v2\/posts\/5517"}],"collection":[{"href":"https:\/\/archivio.comune.potenza.it\/index.php?rest_route=\/wp\/v2\/posts"}],"about":[{"href":"https:\/\/archivio.comune.potenza.it\/index.php?rest_route=\/wp\/v2\/types\/post"}],"author":[{"embeddable":true,"href":"https:\/\/archivio.comune.potenza.it\/index.php?rest_route=\/wp\/v2\/users\/1"}],"replies":[{"embeddable":true,"href":"https:\/\/archivio.comune.potenza.it\/index.php?rest_route=%2Fwp%2Fv2%2Fcomments&post=5517"}],"version-history":[{"count":0,"href":"https:\/\/archivio.comune.potenza.it\/index.php?rest_route=\/wp\/v2\/posts\/5517\/revisions"}],"wp:attachment":[{"href":"https:\/\/archivio.comune.potenza.it\/index.php?rest_route=%2Fwp%2Fv2%2Fmedia&parent=5517"}],"wp:term":[{"taxonomy":"category","embeddable":true,"href":"https:\/\/archivio.comune.potenza.it\/index.php?rest_route=%2Fwp%2Fv2%2Fcategories&post=5517"},{"taxonomy":"post_tag","embeddable":true,"href":"https:\/\/archivio.comune.potenza.it\/index.php?rest_route=%2Fwp%2Fv2%2Ftags&post=5517"}],"curies":[{"name":"wp","href":"https:\/\/api.w.org\/{rel}","templated":true}]}}