{"id":5531,"date":"2012-07-04T15:27:21","date_gmt":"2012-07-04T13:27:21","guid":{"rendered":"http:\/\/archivio.comune.potenza.it\/comune_wp\/?p=5531"},"modified":"2012-07-04T15:27:21","modified_gmt":"2012-07-04T13:27:21","slug":"piano-azione-e-coesione-santarsiero-maggiore-chiarezza-e-visione-strategica","status":"publish","type":"post","link":"https:\/\/archivio.comune.potenza.it\/?p=5531","title":{"rendered":"Piano Azione e Coesione. Santarsiero:maggiore chiarezza e visione strategica"},"content":{"rendered":"<p style=\"text-align: justify;\">&#8220;Apprezziamo lo sforzo del Ministero per rendere pi\u00f9 celere l&#8217;utilizzo delle risorse a disposizione dei territori,come quello di cercare buone pratiche da sostenere. Attenzione per\u00f2 a sostituire obiettivi, programmazione, indirizzi e regole con una sommatoria di interventi presentati in incontri non ben finalizzati e con partecipazione limitata.\u201d<br \/>Cos\u00ec il Sindaco di Potenza, Vito Santarsiero, partecipando a Matera all\u2019incontro sul tema &#8220;Politiche di sviluppo orientate ai luoghi&#8221; nell&#8217;ambito della programmazione comunitaria alla presenza dei responsabili del Ministero della Coesione Territoriale.<br \/>\u201cOccorre conoscere meglio \u2013ha aggiunto- \u00a0importi e modalit\u00e0 di utilizzo delle risorse riprogrammate nel Piano di Azione e Coesione,come accedervi per il sistema degli Enti Locali,dei sistemi produttivi,della ricerca,come pure occorre conoscere meglio entit\u00e0 e modalit\u00e0 di utilizzo dei fondi FAS e se gli stessi rientrano o no nel PAC. Non vorremmo trovarci dinanzi ad un sistema destinato a sostenere chirurgicamente progetti fuori da un contesto generale. Nel Sud c&#8217;\u00e8 bisogno di una visione globale capace di offrire strumenti per lo sviluppo locale,infrastrutture sovraregionali ed una collocazione mediterranea della economia meridionale. Per la regione Basilicata infine la conferma di non avere i numeri forti di chi esce dall&#8217;area convergenza ed essere nel contempo fuori da finanziamenti come i 2,3 mld\u20ac del PAC derivanti da fondi PON e POIN, motivo in pi\u00f9 per definire il migliore e pi\u00f9 funzionale utilizzo delle risorse disponibili. Per il prossimo ciclo di fondi Europei 2014-2020 \u2013 ha concluso Santarsiero- sar\u00e0 fondamentale partire per tempo sia a livello nazionale che locale come sar\u00e0 fondamentale evitare che ancora una volta i fondi UE siano sostitutivi di quelli ordinari. Dobbiamo discuterne tutti gi\u00e0 da ora e comprendere che questa sar\u00e0 la vera occasione da non perdere per il Mezzogiorno.\u201d<\/p>\n<p class=\"MsoNormal\" style=\"text-align: justify;\">\u00a0<\/p>\n","protected":false},"excerpt":{"rendered":"<p>&#8220;Apprezziamo lo sforzo del Ministero per rendere pi\u00f9 celere l&#8217;utilizzo delle risorse a disposizione dei territori,come quello di cercare buone pratiche da sostenere. Attenzione per\u00f2 &#8230; <\/p>\n","protected":false},"author":1,"featured_media":0,"comment_status":"closed","ping_status":"closed","sticky":false,"template":"single-sidebar.php","format":"standard","meta":{"footnotes":""},"categories":[63],"tags":[],"class_list":["post-5531","post","type-post","status-publish","format-standard","hentry","category-news"],"_links":{"self":[{"href":"https:\/\/archivio.comune.potenza.it\/index.php?rest_route=\/wp\/v2\/posts\/5531"}],"collection":[{"href":"https:\/\/archivio.comune.potenza.it\/index.php?rest_route=\/wp\/v2\/posts"}],"about":[{"href":"https:\/\/archivio.comune.potenza.it\/index.php?rest_route=\/wp\/v2\/types\/post"}],"author":[{"embeddable":true,"href":"https:\/\/archivio.comune.potenza.it\/index.php?rest_route=\/wp\/v2\/users\/1"}],"replies":[{"embeddable":true,"href":"https:\/\/archivio.comune.potenza.it\/index.php?rest_route=%2Fwp%2Fv2%2Fcomments&post=5531"}],"version-history":[{"count":0,"href":"https:\/\/archivio.comune.potenza.it\/index.php?rest_route=\/wp\/v2\/posts\/5531\/revisions"}],"wp:attachment":[{"href":"https:\/\/archivio.comune.potenza.it\/index.php?rest_route=%2Fwp%2Fv2%2Fmedia&parent=5531"}],"wp:term":[{"taxonomy":"category","embeddable":true,"href":"https:\/\/archivio.comune.potenza.it\/index.php?rest_route=%2Fwp%2Fv2%2Fcategories&post=5531"},{"taxonomy":"post_tag","embeddable":true,"href":"https:\/\/archivio.comune.potenza.it\/index.php?rest_route=%2Fwp%2Fv2%2Ftags&post=5531"}],"curies":[{"name":"wp","href":"https:\/\/api.w.org\/{rel}","templated":true}]}}