{"id":5535,"date":"2012-07-05T09:22:41","date_gmt":"2012-07-05T07:22:41","guid":{"rendered":"http:\/\/archivio.comune.potenza.it\/comune_wp\/?p=5535"},"modified":"2012-07-05T09:22:41","modified_gmt":"2012-07-05T07:22:41","slug":"carretta-pd-bene-i-pisus-salvi","status":"publish","type":"post","link":"https:\/\/archivio.comune.potenza.it\/?p=5535","title":{"rendered":"Carretta (PD): bene i PISUS salvi"},"content":{"rendered":"<p style=\"text-align: justify;\"><span style=\"font-family: 'Times New Roman','serif';\"><span style=\"font-family: 'Times New Roman','serif'; background: white;\">&#8220;Il quadro allarmante prospettato la settimana scorsa sulla possibile perdita dei fondi Pisus \u00e8 stato fortunatamente sovvertito.<\/span><\/span><span style=\"background-color: white; font-family: 'Times New Roman', serif;\">La garanzia della realizzazione degli interventi previsti dai Pisus, esattamente come erano stati approvati dai Consigli comunali di Potenza e Matera, \u00e8 stata offerta dal Po Fesr, con la cifra di 32 milioni di euro, e dal Fondo di sviluppo e coesione, con 42 milioni di euro.&#8221;<br \/>Cos\u00ec il capogruppo del PD Gianpaolo Carretta il quale ricorda che &#8220;n<\/span><span style=\"font-family: 'Times New Roman','serif';\"><span style=\"font-family: 'Times New Roman','serif'; background: white;\">el corso del Consiglio comunale dello scorso aprile, in cui si era parlato del <\/span><\/span><span style=\"font-family: 'Times New Roman', serif;\">Piano integrato di sviluppo urbano sostenibile (<span style=\"font-family: 'Times New Roman','serif';\"><span style=\"background: white;\">Pisus), e nel quale il primo cittadino aveva illustrato il consuntivo di un anno di attivit\u00e0 ed aveva fatto <\/span><\/span>il punto della situazione sullo stato di attuazione del<span style=\"font-family: 'Times New Roman','serif';\"><span style=\"background: white;\"> Piano nel suo specifico e delle opere che ne sarebbero derivate, era stato presentato anche il crono programma legato alla<\/span><\/span> tempistica, a cui bisognava attenersi con limiti molto stretti imposti dalla Comunit\u00e0 Europea.<\/span><span style=\"font-family: 'Times New Roman', serif;\">Ebbene l\u2019esame dei Pisus svolto dai rappresentanti del Ministero dello sviluppo economico e della Commissione europea, presso la sede della Regione Basilicata \u00e8 andato meglio del previsto, perch\u00e9 \u00e8 emerso l\u2019assoluto rispetto della tempistica da parte dei due Comuni e sono stati stanziati ulteriori fondi grazie all\u2019intesa con la Regione.<br \/><\/span><span style=\"font-family: 'Times New Roman', serif;\">Adesso &#8211; conclude- \u00e8 il momento di mettersi al lavoro per portare avanti i progetti previsti dal Piano, sfruttando al meglio le risorse stanziate e guardando allo sviluppo della citt\u00e0 di Potenza proiettato verso il 2020.&#8221;<\/span><\/p>\n<p style=\"text-align: justify;\"><span style=\"font-family: 'Times New Roman','serif'; mso-ansi-language: #0010;\" lang=\"it\">\u00a0<\/span><\/p>\n","protected":false},"excerpt":{"rendered":"<p>&#8220;Il quadro allarmante prospettato la settimana scorsa sulla possibile perdita dei fondi Pisus \u00e8 stato fortunatamente sovvertito.La garanzia della realizzazione degli interventi previsti dai Pisus, &#8230; <\/p>\n","protected":false},"author":1,"featured_media":0,"comment_status":"closed","ping_status":"closed","sticky":false,"template":"single-sidebar.php","format":"standard","meta":{"footnotes":""},"categories":[63],"tags":[],"class_list":["post-5535","post","type-post","status-publish","format-standard","hentry","category-news"],"_links":{"self":[{"href":"https:\/\/archivio.comune.potenza.it\/index.php?rest_route=\/wp\/v2\/posts\/5535"}],"collection":[{"href":"https:\/\/archivio.comune.potenza.it\/index.php?rest_route=\/wp\/v2\/posts"}],"about":[{"href":"https:\/\/archivio.comune.potenza.it\/index.php?rest_route=\/wp\/v2\/types\/post"}],"author":[{"embeddable":true,"href":"https:\/\/archivio.comune.potenza.it\/index.php?rest_route=\/wp\/v2\/users\/1"}],"replies":[{"embeddable":true,"href":"https:\/\/archivio.comune.potenza.it\/index.php?rest_route=%2Fwp%2Fv2%2Fcomments&post=5535"}],"version-history":[{"count":0,"href":"https:\/\/archivio.comune.potenza.it\/index.php?rest_route=\/wp\/v2\/posts\/5535\/revisions"}],"wp:attachment":[{"href":"https:\/\/archivio.comune.potenza.it\/index.php?rest_route=%2Fwp%2Fv2%2Fmedia&parent=5535"}],"wp:term":[{"taxonomy":"category","embeddable":true,"href":"https:\/\/archivio.comune.potenza.it\/index.php?rest_route=%2Fwp%2Fv2%2Fcategories&post=5535"},{"taxonomy":"post_tag","embeddable":true,"href":"https:\/\/archivio.comune.potenza.it\/index.php?rest_route=%2Fwp%2Fv2%2Ftags&post=5535"}],"curies":[{"name":"wp","href":"https:\/\/api.w.org\/{rel}","templated":true}]}}