{"id":5538,"date":"2012-07-05T14:17:18","date_gmt":"2012-07-05T12:17:18","guid":{"rendered":"http:\/\/archivio.comune.potenza.it\/comune_wp\/?p=5538"},"modified":"2012-07-05T14:17:18","modified_gmt":"2012-07-05T12:17:18","slug":"santarsiero-su-situazione-poste-italiane-in-regione","status":"publish","type":"post","link":"https:\/\/archivio.comune.potenza.it\/?p=5538","title":{"rendered":"Santarsiero su situazione Poste Italiane in regione"},"content":{"rendered":"<p style=\"text-align: justify;\"><span style=\"line-height: normal;\">\u201cConsideriamo assurda l\u2019ipotesi di razionalizzazione proposta da Poste Italiane nella Regione Basilicata. La chiusura di 17 sportelli nonch\u00e9<\/span><span style=\"line-height: normal;\">\u00a0 <\/span><span style=\"line-height: normal;\">la apertura a giorni alterni<\/span><span style=\"line-height: normal;\">\u00a0 <\/span><span style=\"line-height: normal;\">di altri 21, il taglio di 50 zone di recapito e la chiusura del centro di smistamento di Potenza, significa annullare servizi essenziali in larghe parti del nostro territorio con grave penalizzazione delle nostre popolazioni e dei nostri Comuni.\u201d<br \/><\/span><span style=\"line-height: normal;\">Cos\u00ec il Sindaco di Potenza e Presidente Anci Basilicata Vito Santarsiero tempestivamente informato da una delegazione Cgil, Cisl e Uil di categoria sulla revisione del servizio postale nei Comuni della Regione Basilicata.<br \/><\/span><span style=\"line-height: normal;\">\u201cE\u2019 impensabile \u2013 ha aggiunto- che l\u2019Azienda<\/span><span style=\"line-height: normal;\">\u00a0 <\/span><span style=\"line-height: normal;\">possa continuare in una programmazione tesa solo a salvaguardare i servizi pi\u00f9 redditizi rinunciando alla propria missione ed al proprio DNA di azienda dello Stato, di fatto ancora monopolista, obbligata a garantire ai territori servizi base generalisti ed il fondamentale recapito postale. E\u2019 un atteggiamento inaccettabile.<br \/><\/span><span style=\"line-height: normal;\">L\u2019Anci nazionale ha gi\u00e0 espresso<\/span><span style=\"line-height: normal;\">\u00a0 <\/span><span style=\"line-height: normal;\">un duro giudizio su quanto avviene anche in altre Regioni.<br \/><\/span><span style=\"line-height: normal;\">L\u2019Anci Basilicata, nel direttivo straordinario gi\u00e0 convocato per mercoled\u00ec 11 alle 15.30 valuter\u00e0 la situazione per una ferma presa di posizione e valuter\u00e0 le iniziative necessarie da intraprendere.<br \/><\/span><span style=\"line-height: normal;\">C\u2019\u00e8 un \u201ccaso Basilicata\u201d in Poste Italiane da dover porre in maniera chiara. I nostri piccoli Comuni non possono restare senza servizi essenziali.<br \/><\/span><span style=\"line-height: normal;\">Per dirla con franchezza non comprendiamo una posizione cos\u00ec dura in una Regione che pure, avendo affidato la erogazione dei buoni benzina a questa azienda, ha ben contribuito all\u2019utile degli 800 milioni di euro del 2011. Chiediamo \u2013 ha concluso Santarsiero- da subito una profonda modifica di quanto proposto.\u201d<\/span><\/p>\n<p style=\"text-align: justify;\">\u00a0<\/p>\n","protected":false},"excerpt":{"rendered":"<p>\u201cConsideriamo assurda l\u2019ipotesi di razionalizzazione proposta da Poste Italiane nella Regione Basilicata. La chiusura di 17 sportelli nonch\u00e9\u00a0 la apertura a giorni alterni\u00a0 di altri &#8230; <\/p>\n","protected":false},"author":1,"featured_media":0,"comment_status":"closed","ping_status":"closed","sticky":false,"template":"single-sidebar.php","format":"standard","meta":{"footnotes":""},"categories":[63],"tags":[],"class_list":["post-5538","post","type-post","status-publish","format-standard","hentry","category-news"],"_links":{"self":[{"href":"https:\/\/archivio.comune.potenza.it\/index.php?rest_route=\/wp\/v2\/posts\/5538"}],"collection":[{"href":"https:\/\/archivio.comune.potenza.it\/index.php?rest_route=\/wp\/v2\/posts"}],"about":[{"href":"https:\/\/archivio.comune.potenza.it\/index.php?rest_route=\/wp\/v2\/types\/post"}],"author":[{"embeddable":true,"href":"https:\/\/archivio.comune.potenza.it\/index.php?rest_route=\/wp\/v2\/users\/1"}],"replies":[{"embeddable":true,"href":"https:\/\/archivio.comune.potenza.it\/index.php?rest_route=%2Fwp%2Fv2%2Fcomments&post=5538"}],"version-history":[{"count":0,"href":"https:\/\/archivio.comune.potenza.it\/index.php?rest_route=\/wp\/v2\/posts\/5538\/revisions"}],"wp:attachment":[{"href":"https:\/\/archivio.comune.potenza.it\/index.php?rest_route=%2Fwp%2Fv2%2Fmedia&parent=5538"}],"wp:term":[{"taxonomy":"category","embeddable":true,"href":"https:\/\/archivio.comune.potenza.it\/index.php?rest_route=%2Fwp%2Fv2%2Fcategories&post=5538"},{"taxonomy":"post_tag","embeddable":true,"href":"https:\/\/archivio.comune.potenza.it\/index.php?rest_route=%2Fwp%2Fv2%2Ftags&post=5538"}],"curies":[{"name":"wp","href":"https:\/\/api.w.org\/{rel}","templated":true}]}}