{"id":5542,"date":"2012-07-05T16:16:36","date_gmt":"2012-07-05T14:16:36","guid":{"rendered":"http:\/\/archivio.comune.potenza.it\/comune_wp\/?p=5542"},"modified":"2012-07-05T16:16:36","modified_gmt":"2012-07-05T14:16:36","slug":"situazione-don-uva-interviene-il-consigliere-becce","status":"publish","type":"post","link":"https:\/\/archivio.comune.potenza.it\/?p=5542","title":{"rendered":"Situazione &#8216;Don Uva&#8217;: interviene il consigliere Becce"},"content":{"rendered":"<p style=\"text-align: justify;\"><span style=\"background: white;\">&#8220;La casa ospedaliera Don Uva di Potenza \u00e8 una delle istituzioni storiche della nostra citt\u00e0, presente fin dal lontano 1954 e dopo oltre cinquanta anni di esperienza, servizio resta uno dei centri riabilitativi pi\u00f9 importanti della Basilicata.&#8221; Cos\u00ec il consigliere del PDL, Nicola Becce il quale aggiunge che &#8220;tra il verde dei suoi giardini presenta una struttura che si sviluppa su 93.300 mq e conta 514 posti letto suddivisi tra Unit\u00e0 Azheimer, Centri di Riabilitazione Intensiva e Estensiva, Centro Diurno Polivalente, Residenze Sanitarie e Centro Socio Sanitario di Riabilitazione. Insomma il Don Uva \u00e8 per la qualit\u00e0 dei suoi servizi, la professionalit\u00e0 di anni di esperienza dei suoi operatori sanitari, del corpo medico, tra le eccellenze lucane nel settore del socio-assistenziale e tali sono anche quali l\u2019Unit\u00e0 Alzheimer, Centri di Riabilitazione Intensiva e Estensiva, Centro Diurno Polivalente, Residenze Sanitarie e Centro Socio Sanitario di Riabilitazione. Da professionista ed imprenditore del terzo settore &#8211; continua- \u00a0aggiungo che tale lavoro richiede oltre alla professionalit\u00e0 anche uno spirito di sacrificio notevole per la loro delicatezza. Tutte qualit\u00e0 e caratteristiche che ho ritrovato in chi lavora nel Don Uva, da chi sta in portineria, alla oss al\u00a0 terapeuta. Inutile rimarcare che la casa ospedaliera \u00e8 in difficolt\u00e0 finanziare, \u00e8 capitato spesso che gli oltre 400 dipendenti non abbiano ricevuto alcune mensilit\u00e0. Da cittadino potentino e da consigliere del Capoluogo di Regione, lancio un appello per salvaguardare l\u2019esistenza del centro e salvaguardare anni di sacrificio e dedizione al lavoro di tutte le risorse umane che ha il Don Uva. <\/span><span>\u00a0Il mio appello &#8211; conclude- lo lancio a tutti gli attori istituzionali, dal Consiglio Regionale, alla Giunta regionale ed al sindaco di Potenza ed ai miei colleghi del consiglio comunale. Ma la difesa del Don Uva deve essere una priorit\u00e0 per tutti i lucani, di ogni comune o provincia, perch\u00e8 \u00e8 un pezzo di buona sanit\u00e0 che non pu\u00f2 essere cancellato e non deve essere cancellato.&#8221;<\/span><\/p>\n","protected":false},"excerpt":{"rendered":"<p>&#8220;La casa ospedaliera Don Uva di Potenza \u00e8 una delle istituzioni storiche della nostra citt\u00e0, presente fin dal lontano 1954 e dopo oltre cinquanta anni &#8230; <\/p>\n","protected":false},"author":1,"featured_media":0,"comment_status":"closed","ping_status":"closed","sticky":false,"template":"single-sidebar.php","format":"standard","meta":{"footnotes":""},"categories":[63],"tags":[],"class_list":["post-5542","post","type-post","status-publish","format-standard","hentry","category-news"],"_links":{"self":[{"href":"https:\/\/archivio.comune.potenza.it\/index.php?rest_route=\/wp\/v2\/posts\/5542"}],"collection":[{"href":"https:\/\/archivio.comune.potenza.it\/index.php?rest_route=\/wp\/v2\/posts"}],"about":[{"href":"https:\/\/archivio.comune.potenza.it\/index.php?rest_route=\/wp\/v2\/types\/post"}],"author":[{"embeddable":true,"href":"https:\/\/archivio.comune.potenza.it\/index.php?rest_route=\/wp\/v2\/users\/1"}],"replies":[{"embeddable":true,"href":"https:\/\/archivio.comune.potenza.it\/index.php?rest_route=%2Fwp%2Fv2%2Fcomments&post=5542"}],"version-history":[{"count":0,"href":"https:\/\/archivio.comune.potenza.it\/index.php?rest_route=\/wp\/v2\/posts\/5542\/revisions"}],"wp:attachment":[{"href":"https:\/\/archivio.comune.potenza.it\/index.php?rest_route=%2Fwp%2Fv2%2Fmedia&parent=5542"}],"wp:term":[{"taxonomy":"category","embeddable":true,"href":"https:\/\/archivio.comune.potenza.it\/index.php?rest_route=%2Fwp%2Fv2%2Fcategories&post=5542"},{"taxonomy":"post_tag","embeddable":true,"href":"https:\/\/archivio.comune.potenza.it\/index.php?rest_route=%2Fwp%2Fv2%2Ftags&post=5542"}],"curies":[{"name":"wp","href":"https:\/\/api.w.org\/{rel}","templated":true}]}}