{"id":5543,"date":"2012-07-05T16:33:44","date_gmt":"2012-07-05T14:33:44","guid":{"rendered":"http:\/\/archivio.comune.potenza.it\/comune_wp\/?p=5543"},"modified":"2012-07-05T16:33:44","modified_gmt":"2012-07-05T14:33:44","slug":"la-bella-estate-anziani-e-ragazzi-presentato-programma","status":"publish","type":"post","link":"https:\/\/archivio.comune.potenza.it\/?p=5543","title":{"rendered":"La Bella Estate Anziani e Ragazzi:presentato programma"},"content":{"rendered":"<p style=\"text-align: justify;\">Puntuale con l\u2019arrivo dell\u2019estate ecco riproposto il progetto \u2018La Bella Estate\u2019, pluripremiata iniziativa del Comune di Potenza giunta alla sua ottava edizione e che anche quest\u2019anno, fino a settembre, si rivolge a persone della \u2018terza\u2019 e \u2018quarta\u2019 et\u00e0 e ai ragazzi.<br \/>\u201cSiamo alla ottava edizione di una iniziativa straordinaria, quasi unica nel suo genere, La Bella Estate. Anche quest\u2019anno tantissimi anziani \u00a0e giovani della nostra citt\u00e0 avranno la possibilit\u00e0 di poter vivere una eccezionale esperienza interamente assistita e particolarmente intensa\u201d &#8211; ha detto il \u00a0Sindaco di Potenza, Vito Santarsiero che con l\u2019assessore ai Servizi Sociali Donato Pace, presente la dirigente del settore, dottoressa Salvia, ha presentato l\u2019iniziativa promossa dal Comune di Potenza.<br \/>\u201cAbbiamo avuto il merito \u2013ha aggiunto Santarsiero- grazie al duro lavoro degli uffici e al volontariato attivo della citt\u00e0, di implementare quella prima esperienza di otto \u00a0anni fa, nata con i Vigili del fuoco e gi\u00e0 premiata a livello nazionale, fino a farla diventare un organizzato momento estivo a disposizione della citt\u00e0 e di fasce spesso marginalizzate, che continua ad avere non soltanto un grande successo ma anche a ricevere significativi premi nazionali. Siamo orgogliosi \u2013 ha continuato- di questa attivit\u00e0 che esprime le migliori sensibilit\u00e0 del volontariato cittadino e della Amministrazione rispetto ad una necessit\u00e0 di garantire durante l\u2019estate eventi organizzati per chi resta in citt\u00e0. Credo sia la migliore risposta a quanti continuano a voler denigrare un\u2019azione amministrativa che, nonostante le grandi difficolt\u00e0 economiche, riesce con questa iniziativa e con altre di carattere culturale a garantire una significativa animazione anche durante il periodo estivo.\u201d<br \/>Il nostro obiettivo\u00a0 &#8211; ha detto l\u2019assessore Donato Pace \u2013 \u00e8 quello di affrontare il caldo di questo periodo estivo e la crisi economica che riguarda tutti, Amministrazione e cittadini, senza dimenticare la lotta alla solitudine, con\u00a0 un progetto che, anche per il 2012, ha ottenuto il riconoscimento del ministero della Pubblica amministrazione&#8221;.<br \/>Il progetto \u201d La Bella Estate VIII^ edizione 2012 tempo estivo per gli anziani ed i ragazzi, consiste, a seconda dell\u2019et\u00e0, in visite guidate quali occasioni di vacanza e di conoscenza dei siti archeologico-storico-monumentali nonch\u00e9 momenti di relax e distensione in piscina all\u2019aperto o al mare, servizi alla persona quali interventi per la cura di s\u00e9, servizi per il benessere e la salute con l\u2019 accompagnamento alle cure termali di Contursi, Latronico e Rapolla, cantieri educativi per la cittadinanza attiva,\u00a0 corso di informatica indirizzato alla terza et\u00e0 a Via Tirreno, Blocco del Favero 30 tutti i marted\u00ec e i gioved\u00ec di luglio,tutti i marted\u00ec e i gioved\u00ec di Agosto, a cui si aggiunge &#8220;il laboratorio della memoria&#8221;, ovvero un viaggio nella storia lucana attraverso i ricordi degli anziani, i cui contenuti saranno poi messi a disposizione di appassionati e ricercatori, centro\u00a0 estivo mese di agosto dalle ore\u00a0 10,00 alle ore 17,30 presso il Centro di Aggregazione Anziani in Via IV Novembre con attivit\u00e0 di bricolage, tornei di carte ed escursioni, attivit\u00e0 di ginnastica dolce, cineforum, orchestrina e balli, gita di ferragosto\u00a0 a cura dell\u2019Associazione AUSER e le associazioni \u201cIl Ponte\u201d Gruppo Giovani\u201d \u201cFree Smiling Angels. \u00a0Per i ragazzi (compresi i giovani presi in carico dagli assistenti sociali) saranno organizzate anche gite in diverse localit\u00e0, giochi all&#8217;aperto e laboratori.<\/p>\n","protected":false},"excerpt":{"rendered":"<p>Puntuale con l\u2019arrivo dell\u2019estate ecco riproposto il progetto \u2018La Bella Estate\u2019, pluripremiata iniziativa del Comune di Potenza giunta alla sua ottava edizione e che anche &#8230; <\/p>\n","protected":false},"author":1,"featured_media":0,"comment_status":"closed","ping_status":"closed","sticky":false,"template":"single-sidebar.php","format":"standard","meta":{"footnotes":""},"categories":[63],"tags":[],"class_list":["post-5543","post","type-post","status-publish","format-standard","hentry","category-news"],"_links":{"self":[{"href":"https:\/\/archivio.comune.potenza.it\/index.php?rest_route=\/wp\/v2\/posts\/5543"}],"collection":[{"href":"https:\/\/archivio.comune.potenza.it\/index.php?rest_route=\/wp\/v2\/posts"}],"about":[{"href":"https:\/\/archivio.comune.potenza.it\/index.php?rest_route=\/wp\/v2\/types\/post"}],"author":[{"embeddable":true,"href":"https:\/\/archivio.comune.potenza.it\/index.php?rest_route=\/wp\/v2\/users\/1"}],"replies":[{"embeddable":true,"href":"https:\/\/archivio.comune.potenza.it\/index.php?rest_route=%2Fwp%2Fv2%2Fcomments&post=5543"}],"version-history":[{"count":0,"href":"https:\/\/archivio.comune.potenza.it\/index.php?rest_route=\/wp\/v2\/posts\/5543\/revisions"}],"wp:attachment":[{"href":"https:\/\/archivio.comune.potenza.it\/index.php?rest_route=%2Fwp%2Fv2%2Fmedia&parent=5543"}],"wp:term":[{"taxonomy":"category","embeddable":true,"href":"https:\/\/archivio.comune.potenza.it\/index.php?rest_route=%2Fwp%2Fv2%2Fcategories&post=5543"},{"taxonomy":"post_tag","embeddable":true,"href":"https:\/\/archivio.comune.potenza.it\/index.php?rest_route=%2Fwp%2Fv2%2Ftags&post=5543"}],"curies":[{"name":"wp","href":"https:\/\/api.w.org\/{rel}","templated":true}]}}