{"id":5544,"date":"2012-07-05T16:50:48","date_gmt":"2012-07-05T14:50:48","guid":{"rendered":"http:\/\/archivio.comune.potenza.it\/comune_wp\/?p=5544"},"modified":"2012-07-05T16:50:48","modified_gmt":"2012-07-05T14:50:48","slug":"lacerra-mal-mpa-maggiore-chiarezza-sui-pisus","status":"publish","type":"post","link":"https:\/\/archivio.comune.potenza.it\/?p=5544","title":{"rendered":"Lacerra (Mal\/Mpa): maggiore chiarezza sui PISUS"},"content":{"rendered":"<p style=\"text-align: justify;\"><span style=\"font-size: 10.0pt; line-height: 115%; font-family: 'Arial','sans-serif'; color: #222222; background: white;\">&#8220;Sui PISUS ci saremmo aspettati maggiore chiarezza e non artifici e raggiri. Dopo che in Consiglio Comunale lo stesso Sindaco ci aveva rassicurato che le cose andavano per il meglio, ecco arrivati i tagli con minaccia di revoca del finanziamento. Nessuno dice se vi \u00e8 colpa e da parte di chi, e sapere che la spesa resta invariata, anche se viene finanziata con fondi diversi non \u00e8 un risultato utile e di cui compiacersi.&#8221; Cos\u00ec il consigliere comunale Lacerra (Mal\/Mpa) il quale aggiunge che &#8220;bene farebbe il Sindaco Santarsiero a rispondere alle critiche con dati ed elementi tecnici e senza accusare altri di dire cose non vere, accusa che lui poi non giustifica. E&#8217; evidente &#8211; continua- che occorre rimodulare i progetti in relazione ai diversi finanziamenti, individuare le priorit\u00e0 e cosa ancora pi\u00f9 importante eliminare interventi che rispondono solo a logiche di clientelismo politico. Evitare lo sperpero di costruire una scuola da milioni di euro mi sembra il minimo, anche di fronte alle numerose scuole vuote, fare terminal o parcheggi in zone decentrate \u00e8 sciocco, pensare ad un ostello quando manca finanche una adeguata casa dello studente mi sembra contraddittorio, costruire tunnel in zone chiuse al traffico \u00e8 una chicca urbanistica. Solo oggi, poi, dallo stesso Sindaco apprendiamo che il finanziamento ministeriale che finanziariamente giustificava il corposo investimento nella metropolitana leggera non \u00e8 stato attivato. Mi chiedo se \u00e8 il caso di procedere ad un investimento che non trova altre sponde economiche e che nasce monco. Chiedo a tutti i gruppi politici dell&#8217;intergruppo al Comune di Potenza, di Matera e della Regione Basilicata &#8211; conclude- di attivate tutte le azioni politiche finalizzate a chiarire la vicenda, individuando le responsabilit\u00e0 politiche che hanno prodotto un simile disastro, individuando cos\u00ec chi non dice il vero.&#8221;<\/span><\/p>\n","protected":false},"excerpt":{"rendered":"<p>&#8220;Sui PISUS ci saremmo aspettati maggiore chiarezza e non artifici e raggiri. Dopo che in Consiglio Comunale lo stesso Sindaco ci aveva rassicurato che le &#8230; <\/p>\n","protected":false},"author":1,"featured_media":0,"comment_status":"closed","ping_status":"closed","sticky":false,"template":"single-sidebar.php","format":"standard","meta":{"footnotes":""},"categories":[63],"tags":[],"class_list":["post-5544","post","type-post","status-publish","format-standard","hentry","category-news"],"_links":{"self":[{"href":"https:\/\/archivio.comune.potenza.it\/index.php?rest_route=\/wp\/v2\/posts\/5544"}],"collection":[{"href":"https:\/\/archivio.comune.potenza.it\/index.php?rest_route=\/wp\/v2\/posts"}],"about":[{"href":"https:\/\/archivio.comune.potenza.it\/index.php?rest_route=\/wp\/v2\/types\/post"}],"author":[{"embeddable":true,"href":"https:\/\/archivio.comune.potenza.it\/index.php?rest_route=\/wp\/v2\/users\/1"}],"replies":[{"embeddable":true,"href":"https:\/\/archivio.comune.potenza.it\/index.php?rest_route=%2Fwp%2Fv2%2Fcomments&post=5544"}],"version-history":[{"count":0,"href":"https:\/\/archivio.comune.potenza.it\/index.php?rest_route=\/wp\/v2\/posts\/5544\/revisions"}],"wp:attachment":[{"href":"https:\/\/archivio.comune.potenza.it\/index.php?rest_route=%2Fwp%2Fv2%2Fmedia&parent=5544"}],"wp:term":[{"taxonomy":"category","embeddable":true,"href":"https:\/\/archivio.comune.potenza.it\/index.php?rest_route=%2Fwp%2Fv2%2Fcategories&post=5544"},{"taxonomy":"post_tag","embeddable":true,"href":"https:\/\/archivio.comune.potenza.it\/index.php?rest_route=%2Fwp%2Fv2%2Ftags&post=5544"}],"curies":[{"name":"wp","href":"https:\/\/api.w.org\/{rel}","templated":true}]}}