{"id":5551,"date":"2012-07-06T11:51:15","date_gmt":"2012-07-06T09:51:15","guid":{"rendered":"http:\/\/archivio.comune.potenza.it\/comune_wp\/?p=5551"},"modified":"2012-07-06T11:51:15","modified_gmt":"2012-07-06T09:51:15","slug":"presentato-il-piano-territoriale-di-intervento-per-la-lotta-alla-droga-a-potenza","status":"publish","type":"post","link":"https:\/\/archivio.comune.potenza.it\/?p=5551","title":{"rendered":"Presentato il Piano territoriale di intervento per la lotta alla droga a Potenza"},"content":{"rendered":"<p style=\"text-align: justify; line-height: 15.6pt;\"><span style=\"font-family: 'Arial','sans-serif'; color: #333333;\">\u00a0<span>Una durata di due anni per un costo di 150.000 euro: 80.000 euro circa destinati a servizi di prevenzione, informazione, sensibilizzazione e interventi di tipo socio educativo e 65.000 euro circa destinati all\u2019inclusione sociale e lavorativa. Questo in sintesi il Piano territoriale di intervento della Citt\u00e0 di Potenza per la lotta alla droga presentato nella Sala dell\u2019Arco del Palazzo di Citt\u00e0. Presenti rappresentanti di Regione, Provincia, Asp, cooperative operanti nel settore, l\u2019assessorato comunale ai Servizi sociali, guidato da Donato Pace e il Sindaco di Potenza Vito Santarsiero. \u201cAvevamo un progetto sociale di grande portata per la citt\u00e0 di Potenza. Abbiamo \u2013 prosegue Santarsiero \u2013 voluto un progetto di grande respiro, integrato tra prevenzione e inclusione lavorativa, per un\u2019azione innovativa e lunga contro la droga. La coprogettazione e coazione delle cooperative che si sono aggiudicate la gara rappresenta un ulteriore elemento di forza dell\u2019azione messa in campo, che potr\u00e0 fruire di pi\u00f9 competenze e pi\u00f9 esperienze maturate nel settore della lotta alla droga. Durante l\u2019intero arco della giornata i giovani saranno ascoltati, seguiti, affiancati, ci sar\u00e0 animazione e poi un\u2019azione di inclusione lavorativa e stabilizzazione del percorso di uscita dalla droga attraverso un percorso che prevede borse di studio e lavoro\u201d. L\u2019assessore Pace nel ringraziare la dirigente dell\u2019U.D. Rosa Maria Salvia e tutto il personale coinvolto nella stesura e nella realizzazione del progetto \u201ca cominciare dalla funzionaria Anna Martorano\u201d, ha evidenziato come \u201cla mirabile sintesi istituzionale raggiunta non tarder\u00e0 a produrre i positivi effetti sperati, con un seguito che potr\u00e0 prevedere un ulteriore rafforzamento del progetto negli anni futuri\u201d.<\/span><\/span><\/p>\n","protected":false},"excerpt":{"rendered":"<p>\u00a0Una durata di due anni per un costo di 150.000 euro: 80.000 euro circa destinati a servizi di prevenzione, informazione, sensibilizzazione e interventi di tipo &#8230; <\/p>\n","protected":false},"author":1,"featured_media":0,"comment_status":"closed","ping_status":"closed","sticky":false,"template":"single-sidebar.php","format":"standard","meta":{"footnotes":""},"categories":[63],"tags":[],"class_list":["post-5551","post","type-post","status-publish","format-standard","hentry","category-news"],"_links":{"self":[{"href":"https:\/\/archivio.comune.potenza.it\/index.php?rest_route=\/wp\/v2\/posts\/5551"}],"collection":[{"href":"https:\/\/archivio.comune.potenza.it\/index.php?rest_route=\/wp\/v2\/posts"}],"about":[{"href":"https:\/\/archivio.comune.potenza.it\/index.php?rest_route=\/wp\/v2\/types\/post"}],"author":[{"embeddable":true,"href":"https:\/\/archivio.comune.potenza.it\/index.php?rest_route=\/wp\/v2\/users\/1"}],"replies":[{"embeddable":true,"href":"https:\/\/archivio.comune.potenza.it\/index.php?rest_route=%2Fwp%2Fv2%2Fcomments&post=5551"}],"version-history":[{"count":0,"href":"https:\/\/archivio.comune.potenza.it\/index.php?rest_route=\/wp\/v2\/posts\/5551\/revisions"}],"wp:attachment":[{"href":"https:\/\/archivio.comune.potenza.it\/index.php?rest_route=%2Fwp%2Fv2%2Fmedia&parent=5551"}],"wp:term":[{"taxonomy":"category","embeddable":true,"href":"https:\/\/archivio.comune.potenza.it\/index.php?rest_route=%2Fwp%2Fv2%2Fcategories&post=5551"},{"taxonomy":"post_tag","embeddable":true,"href":"https:\/\/archivio.comune.potenza.it\/index.php?rest_route=%2Fwp%2Fv2%2Ftags&post=5551"}],"curies":[{"name":"wp","href":"https:\/\/api.w.org\/{rel}","templated":true}]}}