{"id":5552,"date":"2012-07-07T10:26:45","date_gmt":"2012-07-07T08:26:45","guid":{"rendered":"http:\/\/archivio.comune.potenza.it\/comune_wp\/?p=5552"},"modified":"2012-07-07T10:26:45","modified_gmt":"2012-07-07T08:26:45","slug":"carretta-pd-su-ripristino-manto-stradale-montegrosso-pallareta","status":"publish","type":"post","link":"https:\/\/archivio.comune.potenza.it\/?p=5552","title":{"rendered":"Carretta (PD) su ripristino manto stradale Montegrosso-Pallareta"},"content":{"rendered":"<p style=\"text-align: justify;\"><span style=\"text-align: justify;\">&#8220;<\/span><span style=\"font-family: 'Times New Roman', serif; font-size: 12pt; text-align: justify;\">Il Gruppo del Partito Democratico accoglie con grande soddisfazione la notizia del ripristino del manto stradale, da parte di Acquedotto Lucano, sulla strada che conduce alle contrade Montegrosso e Pallareta, a seguito delle numerose sollecitazioni rivolte all\u2019Ente, dopo aver lasciato l\u2019asfalto in condizioni particolarmente malridotte, per un tratto di circa 2 chilometri, al termine dei lavori eseguiti alla rete fognaria.&#8221; Cos\u00ec il capogruppo Gianpaolo Carretta il quale aggiunge che &#8220;d<\/span><span style=\"font-family: 'Times New Roman', serif; font-size: 12pt; text-align: justify;\">a un sopralluogo svoltosi alcune settimane fa, alla presenza dei residenti del luogo, era emerso quanto fosse pericolosa la strada di interesse, sulla quale la presenza dei solchi lasciati dagli scavi rendeva impossibile alle autovetture procedere nel proprio senso di marcia, con il rischio di pericolose invasioni nella corsia opposta.<\/span><span style=\"font-family: 'Times New Roman', serif; font-size: 12pt; text-align: justify;\">L\u2019Assessore alla Viabilit\u00e0, &#8211; conclude- dopo aver prontamente avvertito con nota scritta la Polizia Municipale, che ha intimato e diffidato l\u2019Acquedotto al ripristino obbligatorio del manto stradale, ha ricevuto in data 20 giugno la comunicazione da parte dell\u2019Ente sulla rassicurazione dell\u2019inizio dei lavori nella prima decade di luglio.<\/span><span style=\"font-family: 'Times New Roman', serif; font-size: 12pt; text-align: justify;\">L\u2019opera di rifacimento \u00e8 in realt\u00e0 gi\u00e0 in corso e l\u2019interesse verso le zone pi\u00f9 periferiche della citt\u00e0 dimostra quanto sia importante per l\u2019Amministrazione comunale risolvere ogni inconveniente al fine di garantire alla cittadinanza il minor numero possibile di disagi, pur dovendo, alcune volte, scontrarsi con la poca solerzia degli Enti terzi.<\/span><\/p>\n","protected":false},"excerpt":{"rendered":"<p>&#8220;Il Gruppo del Partito Democratico accoglie con grande soddisfazione la notizia del ripristino del manto stradale, da parte di Acquedotto Lucano, sulla strada che conduce &#8230; <\/p>\n","protected":false},"author":1,"featured_media":0,"comment_status":"closed","ping_status":"closed","sticky":false,"template":"single-sidebar.php","format":"standard","meta":{"footnotes":""},"categories":[63],"tags":[],"class_list":["post-5552","post","type-post","status-publish","format-standard","hentry","category-news"],"_links":{"self":[{"href":"https:\/\/archivio.comune.potenza.it\/index.php?rest_route=\/wp\/v2\/posts\/5552"}],"collection":[{"href":"https:\/\/archivio.comune.potenza.it\/index.php?rest_route=\/wp\/v2\/posts"}],"about":[{"href":"https:\/\/archivio.comune.potenza.it\/index.php?rest_route=\/wp\/v2\/types\/post"}],"author":[{"embeddable":true,"href":"https:\/\/archivio.comune.potenza.it\/index.php?rest_route=\/wp\/v2\/users\/1"}],"replies":[{"embeddable":true,"href":"https:\/\/archivio.comune.potenza.it\/index.php?rest_route=%2Fwp%2Fv2%2Fcomments&post=5552"}],"version-history":[{"count":0,"href":"https:\/\/archivio.comune.potenza.it\/index.php?rest_route=\/wp\/v2\/posts\/5552\/revisions"}],"wp:attachment":[{"href":"https:\/\/archivio.comune.potenza.it\/index.php?rest_route=%2Fwp%2Fv2%2Fmedia&parent=5552"}],"wp:term":[{"taxonomy":"category","embeddable":true,"href":"https:\/\/archivio.comune.potenza.it\/index.php?rest_route=%2Fwp%2Fv2%2Fcategories&post=5552"},{"taxonomy":"post_tag","embeddable":true,"href":"https:\/\/archivio.comune.potenza.it\/index.php?rest_route=%2Fwp%2Fv2%2Ftags&post=5552"}],"curies":[{"name":"wp","href":"https:\/\/api.w.org\/{rel}","templated":true}]}}