{"id":5582,"date":"2012-07-12T10:37:31","date_gmt":"2012-07-12T08:37:31","guid":{"rendered":"http:\/\/archivio.comune.potenza.it\/comune_wp\/?p=5582"},"modified":"2012-07-12T10:37:31","modified_gmt":"2012-07-12T08:37:31","slug":"ambulanti-abusivi-stretta-della-polizia-locale","status":"publish","type":"post","link":"https:\/\/archivio.comune.potenza.it\/?p=5582","title":{"rendered":"Ambulanti abusivi:stretta della Polizia locale"},"content":{"rendered":"<p style=\"text-align: justify;\"><span style=\"font-family: 'Times New Roman','serif';\"><img decoding=\"async\" src=\"images\/phocagallery\/meloni.jpg\" border=\"0\" style=\"border: 0; float: left; margin: 10px;\" \/>Si fa sempre pi\u00f9 stringente l\u2019attivit\u00e0 di controllo della Polizia Locale sul territorio cittadino nei confronti dei commercianti ambulanti abusivi di frutta e verdura che invadono abusivamente porzioni di strade, marciapiedi e piazze per l\u2019esposizione e vendita delle merci, in palese violazione delle autorizzazioni loro concesse o in totale assenza di licenze. Sono al momento <strong>undici<\/strong> i soggetti destinatari di provvedimenti repressivi da parte degli Agenti della Polizia Locale nell\u2019ambito delle operazioni di Polizia Amministrativa e Commerciale. Un settore diretto dal Capitano Vincenzo Manzo, sotto il controllo del Comandante Donato Pace. A finire nel mirino della Polizia Locale sono <strong>cinque<\/strong> commercianti ambulanti di <strong>Cerignola<\/strong> e <strong>San Ferdinando<\/strong>, <strong>due<\/strong> di <strong>Afragola<\/strong>, <strong>due<\/strong> di<strong> Montalbano Jonico<\/strong> e <strong>due<\/strong> di \u00a0<strong>Potenza<\/strong>, sorpresi a vendere frutta e verdura lungo la strada, stazionando in alcuni punti strategici del centro urbano della citt\u00e0 dove vige il divieto alla vendita itinerante tra cui, in particolare, via del Gallitello, nei pressi degli ambulatori dell\u2019A.S.P. e degli uffici della Motorizzazione, spazio prospiciente il \u00a0bar \u201cK2\u201d,\u00a0 piazzale Verrastro, nei pressi degli uffici regionali, via Messina, nei pressi dell\u2019ufficio postale, viale del Basento, nei pressi del Mc Donald\u2019s e via Milano, nei pressi di piazza Bologna. A tutti \u00e8 stata contestata la violazione di cui al D. Lgs. 114\/98 (c.d. Decreto Bersani), che vieta il commercio ambulante in alcune zone della citt\u00e0 ad elevata densit\u00e0 di traffico ed \u00e8 stata applicata la sanzione amministrativa di euro 1.032,00, inoltre, \u00a0\u00e8 stato imposto l\u2019obbligo di allontanarsi dalla zona con diffida a farvi ritorno. Nei confronti di uno di essi \u00e8 stata contestata anche la violazione di cui all\u2019articolo 29 dello stesso D. Lgs. 114\/98 ed applicata la sanzione amministrativa di Euro 5.165,00.<br \/><\/span><span style=\"font-family: 'Times New Roman', serif;\">Si tratta di un abusivo originario di Afragola (NA), risultato sprovvisto di autorizzazione, che all\u2019atto dell\u2019intervento degli Operatori della Polizia Locale in questa via Del Gallitello, per sottrarsi al controllo ed alle conseguenze sanzionatorie, alla vista degli stessi, si \u00e8 allontanato velocemente dalla zona con il mezzo carico di angurie che stava vendendo senza provvedere ad assicurare la sponda posteriore del cassone, perdendo cos\u00ec parte\u00a0 del carico di merce che si \u00e8 \u00a0riversato sulla sede stradale creando anche difficolt\u00e0 alla circolazione veicolare. E\u2019 stato poi necessario l\u2019intervento di una ditta specializzata per la pulitura del tratto stradale interessato. Immediatamente rintracciato dagli stessi operatori, tutto il carico, circa cinque quintali di angurie, \u00e8 stato sottoposto a sequestro e confisca, cos\u00ec come previsto dalla succitata norma di Legge e devoluto a tre Istituti assistenziali della citt\u00e0. Nel contesto operativo, al medesimo, sono state contestate anche \u00a0altre sanzioni per \u00a0infrazioni al Codice della Strada relative alla irregolare sistemazione\u00a0 della merce sul veicolo e l\u2019imbrattamento della sede stradale. Per rendere pi\u00f9 incisiva e penetrante l\u2019azione repressiva contro il fenomeno dell\u2019ambulantato all\u2019interno dell\u2019area interdetta alla vendita, il Nucleo di Polizia Amministrativa e Commerciale, \u00a0di concerto con l\u2019Unit\u00e0 di Direzione Attivit\u00e0 Produttive \u2013 Ufficio Depenalizzazione del Comune di Potenza, \u00a0diretto <\/span><em style=\"font-family: 'Times New Roman', serif;\">ad interim<\/em><span style=\"font-family: 'Times New Roman', serif;\"> dalla dott.ssa Luisa Scavone,\u00a0 in questi giorni sta procedendo alla notifica e verifica dell\u2019ottemperanza delle Ordinanze di sospensione dei titoli autorizzativi per l\u2019esercizio dell\u2019attivit\u00e0 di vendita ambulante emesse nei confronti di tutti quei commercianti abusivi che si sono resi responsabili finora di reiterate violazioni in materia di commercio nell\u2019ambito del territorio cittadino. Ad oggi sono state notificate <\/span><strong style=\"font-family: 'Times New Roman', serif;\">cinque<\/strong><span style=\"font-family: 'Times New Roman', serif;\"> provvedimenti di <\/span><strong style=\"font-family: 'Times New Roman', serif;\">sospensione dell\u2019attivit\u00e0<\/strong><span style=\"font-family: 'Times New Roman', serif;\">, nei confronti di altrettanti commercianti abusivi che vanno dai <\/span><strong style=\"font-family: 'Times New Roman', serif;\">tre <\/strong><span style=\"font-family: 'Times New Roman', serif;\">ai <\/span><strong style=\"font-family: 'Times New Roman', serif;\">venti giorni <\/strong><span style=\"font-family: 'Times New Roman', serif;\">e<\/span><strong style=\"font-family: 'Times New Roman', serif;\"> tre <\/strong><span style=\"font-family: 'Times New Roman', serif;\">provvedimenti di <\/span><strong style=\"font-family: 'Times New Roman', serif;\">diffid<\/strong><span style=\"font-family: 'Times New Roman', serif;\">a. L\u2019azione di contrasto da parte della Polizia Locale per porre un freno al fenomeno continuer\u00e0, con ogni mezzo, attraverso una sistematica ed ininterrotta attivit\u00e0 di monitoraggio commerciale.<\/span><\/p>\n<p class=\"MsoNormal\" style=\"margin-bottom: .0001pt; text-align: justify; line-height: normal;\"><span style=\"font-family: 'Times New Roman','serif';\">\u00a0<\/span><\/p>\n<p class=\"MsoNormal\" style=\"margin-bottom: .0001pt; text-align: justify; line-height: normal;\"><span style=\"font-family: 'Times New Roman','serif';\">\u00a0<\/span><\/p>\n","protected":false},"excerpt":{"rendered":"<p>Si fa sempre pi\u00f9 stringente l\u2019attivit\u00e0 di controllo della Polizia Locale sul territorio cittadino nei confronti dei commercianti ambulanti abusivi di frutta e verdura che &#8230; <\/p>\n","protected":false},"author":1,"featured_media":0,"comment_status":"closed","ping_status":"closed","sticky":false,"template":"single-sidebar.php","format":"standard","meta":{"footnotes":""},"categories":[63],"tags":[],"class_list":["post-5582","post","type-post","status-publish","format-standard","hentry","category-news"],"_links":{"self":[{"href":"https:\/\/archivio.comune.potenza.it\/index.php?rest_route=\/wp\/v2\/posts\/5582"}],"collection":[{"href":"https:\/\/archivio.comune.potenza.it\/index.php?rest_route=\/wp\/v2\/posts"}],"about":[{"href":"https:\/\/archivio.comune.potenza.it\/index.php?rest_route=\/wp\/v2\/types\/post"}],"author":[{"embeddable":true,"href":"https:\/\/archivio.comune.potenza.it\/index.php?rest_route=\/wp\/v2\/users\/1"}],"replies":[{"embeddable":true,"href":"https:\/\/archivio.comune.potenza.it\/index.php?rest_route=%2Fwp%2Fv2%2Fcomments&post=5582"}],"version-history":[{"count":0,"href":"https:\/\/archivio.comune.potenza.it\/index.php?rest_route=\/wp\/v2\/posts\/5582\/revisions"}],"wp:attachment":[{"href":"https:\/\/archivio.comune.potenza.it\/index.php?rest_route=%2Fwp%2Fv2%2Fmedia&parent=5582"}],"wp:term":[{"taxonomy":"category","embeddable":true,"href":"https:\/\/archivio.comune.potenza.it\/index.php?rest_route=%2Fwp%2Fv2%2Fcategories&post=5582"},{"taxonomy":"post_tag","embeddable":true,"href":"https:\/\/archivio.comune.potenza.it\/index.php?rest_route=%2Fwp%2Fv2%2Ftags&post=5582"}],"curies":[{"name":"wp","href":"https:\/\/api.w.org\/{rel}","templated":true}]}}