{"id":5591,"date":"2012-07-15T11:28:04","date_gmt":"2012-07-15T09:28:04","guid":{"rendered":"http:\/\/archivio.comune.potenza.it\/comune_wp\/?p=5591"},"modified":"2012-07-15T11:28:04","modified_gmt":"2012-07-15T09:28:04","slug":"molinari-attivarsi-subito-per-rivitalizzare-il-centro-storico","status":"publish","type":"post","link":"https:\/\/archivio.comune.potenza.it\/?p=5591","title":{"rendered":"Molinari:attivarsi subito per rivitalizzare il centro storico"},"content":{"rendered":"<p style=\"text-align: justify;\"><span class=\"s3\" style=\"line-height: 16px; font-family: Verdana; font-size: 14px;\">\u201cIl mercatino dei poveri, che si sarebbe dovuto spostare davanti porta San Giovanni e per il quale \u00e8 gi\u00e0<\/span><span class=\"s3\" style=\"line-height: 16px; font-family: Verdana; font-size: 14px;\">\u00a0stata approvata la delibera con la previsione di un<\/span><span class=\"s3\" style=\"line-height: 16px; font-family: Verdana; font-size: 14px;\">\u00a0finanzi<\/span><span class=\"s3\" style=\"line-height: 16px; font-family: Verdana; font-size: 14px;\">amento di<\/span><span class=\"s3\" style=\"line-height: 16px; font-family: Verdana; font-size: 14px;\">\u00a0200 mila euro<\/span><span class=\"s3\" style=\"line-height: 16px; font-family: Verdana; font-size: 14px;\">, non sappiam<\/span><span class=\"s3\" style=\"line-height: 16px; font-family: Verdana; font-size: 14px;\">o ancora quando potr\u00e0 riaprire n\u00e8 a che punto \u00e8 il progetto per la sua re<\/span><span class=\"s3\" style=\"line-height: 16px; font-family: Verdana; font-size: 14px;\">alizzazione. Nel frattempo nell\u2019area dell\u2019ex mercato non sono terminati i lavori di<\/span><span class=\"s3\" style=\"line-height: 16px; font-family: Verdana; font-size: 14px;\">\u00a0riqualificazione che ha<\/span><span class=\"s3\" style=\"line-height: 16px; font-family: Verdana; font-size: 14px;\">nno<\/span><span class=\"s3\" style=\"line-height: 16px; font-family: Verdana; font-size: 14px;\">\u00a0recato danni ai commercianti della zona.\u00a0<\/span><span class=\"s3\" style=\"line-height: 16px; font-family: Verdana; font-size: 14px;\">N<\/span><span class=\"s3\" style=\"line-height: 16px; font-family: Verdana; font-size: 14px;\">iente si sa degli altri interventi<\/span><span class=\"s3\" style=\"line-height: 16px; font-family: Verdana; font-size: 14px;\">\u00a0che dovrebbero sostenere la rivitalizzazione del centro storico di Potenza.<\/span><span class=\"s3\" style=\"line-height: 16px; font-family: Verdana; font-size: 14px;\">\u00a0Piazza Matteotti anco<\/span><span class=\"s3\" style=\"line-height: 16px; font-family: Verdana; font-size: 14px;\">ra attende e nel frat<\/span><span class=\"s3\" style=\"line-height: 16px; font-family: Verdana; font-size: 14px;\">tempo non sono stati ancora completat<\/span><span class=\"s3\" style=\"line-height: 16px; font-family: Verdana; font-size: 14px;\">i lavori<\/span><span class=\"s3\" style=\"line-height: 16px; font-family: Verdana; font-size: 14px;\">\u00a0in Via Due Torri<\/span><span class=\"s3\" style=\"line-height: 16px; font-family: Verdana; font-size: 14px;\">\u00a0dell\u2019ex distretto scolastico<\/span><span class=\"s3\" style=\"line-height: 16px; font-family: Verdana; font-size: 14px;\">.<\/span><span class=\"s3\" style=\"line-height: 16px; font-family: Verdana; font-size: 14px;\">\u00a0C<\/span><span class=\"s3\" style=\"line-height: 16px; font-family: Verdana; font-size: 14px;\">os\u00ec mentre aspettiamo di vedere terminata<\/span><span class=\"s3\" style=\"line-height: 16px; font-family: Verdana; font-size: 14px;\">,<\/span><span class=\"s3\" style=\"line-height: 16px; font-family: Verdana; font-size: 14px;\">\u00a0<\/span><span class=\"s3\" style=\"line-height: 16px; font-family: Verdana; font-size: 14px;\">nel rispetto dei tempi previsti,\u00a0<\/span><span class=\"s3\" style=\"line-height: 16px; font-family: Verdana; font-size: 14px;\">la riqualificazione\u00a0<\/span><span class=\"s3\" style=\"line-height: 16px; font-family: Verdana; font-size: 14px;\">di P<\/span><span class=\"s3\" style=\"line-height: 16px; font-family: Verdana; font-size: 14px;\">iazza Mario Pagano,<\/span><span class=\"s3\" style=\"line-height: 16px; font-family: Verdana; font-size: 14px;\">qualcuno rema contro l\u2019iniziativa privata<\/span><span class=\"s3\" style=\"line-height: 16px; font-family: Verdana; font-size: 14px;\">. A questo si aggiunge la mancata realizzazione del progetto finalizzato a creare\u00a0<\/span><span class=\"s3\" style=\"line-height: 16px; font-family: Verdana; font-size: 14px;\">un centro commerciale all\u2019aperto attraverso il\u00a0<\/span><span class=\"s3\" style=\"line-height: 16px; font-family: Verdana; font-size: 14px;\">coordinamento tra negozi<\/span><span class=\"s3\" style=\"line-height: 16px; font-family: Verdana; font-size: 14px;\">\u00a0ed amministrazione comunale che avrebbero dovuto sfruttare le risorse messe a disposizione della Regione Basilicata<\/span><span class=\"s3\" style=\"line-height: 16px; font-family: Verdana; font-size: 14px;\">\u201d.<\/span>\u00a0<span class=\"s3\" style=\"line-height: 16px; font-family: Verdana; font-size: 14px;\">Evidenziando la necessit\u00e0 di\u00a0<\/span><span class=\"s3\" style=\"line-height: 16px; font-family: Verdana; font-size: 14px;\">non perdere pi\u00f9 tempo per il rilanc<\/span><span class=\"s3\" style=\"line-height: 16px; font-family: Verdana; font-size: 14px;\">io del centro storico del capoluogo di regione<\/span><span class=\"s3\" style=\"line-height: 16px; font-family: Verdana; font-size: 14px;\">\u00a0il consigliere comunale di Potenza Giuseppe Molinari\u00a0<\/span><span class=\"s3\" style=\"line-height: 16px; font-family: Verdana; font-size: 14px;\">ricorda le \u201cbuone intenzioni rimaste tali nonostante siano fattibili ed utili a riaccendere la speranza dei commercianti di Via Pretoria\u00a0<\/span><span class=\"s3\" style=\"line-height: 16px; font-family: Verdana; font-size: 14px;\">che chiedono da tempo all\u2019amministrazione comunale di attivarsi per dare nuovi incentivi\u00a0<\/span><span class=\"s3\" style=\"line-height: 16px; font-family: Verdana; font-size: 14px;\">ai cittadini affinch\u00e8 siano invogliati a<\/span><span class=\"s3\" style=\"line-height: 16px; font-family: Verdana; font-size: 14px;\">\u00a0frequentare il cu<\/span><span class=\"s3\" style=\"line-height: 16px; font-family: Verdana; font-size: 14px;\">ore di Potenza<\/span><span class=\"s3\" style=\"line-height: 16px; font-family: Verdana; font-size: 14px;\">\u201d.<\/span><\/p>\n<p style=\"text-align: justify;\"><span class=\"s3\" style=\"line-height: 16px; font-family: Verdana; font-size: 14px;\">Secondo il consigliere \u201cil momento difficile va affrontato garantendo risposte quanto pi\u00f9 possibile veloci, partendo dagli interventi gi\u00e0 programmati e per i quali sono a dispo<\/span><span class=\"s3\" style=\"line-height: 16px; font-family: Verdana; font-size: 14px;\">sizione risorse economiche. Bisogna uscire dall\u2019immobilismo<\/span><span class=\"s3\" style=\"line-height: 16px; font-family: Verdana; font-size: 14px;\">\u00a0<\/span><span class=\"s3\" style=\"line-height: 16px; font-family: Verdana; font-size: 14px;\">dando il via ad azioni concrete e tutelando le iniziative private che<\/span><span class=\"s3\" style=\"line-height: 16px; font-family: Verdana; font-size: 14px;\">,<\/span><span class=\"s3\" style=\"line-height: 16px; font-family: Verdana; font-size: 14px;\">\u00a0investendo proprie risorse<\/span><span class=\"s3\" style=\"line-height: 16px; font-family: Verdana; font-size: 14px;\">,<\/span><span class=\"s3\" style=\"line-height: 16px; font-family: Verdana; font-size: 14px;\">hanno creato nuovi posti di lavoro e contribuito ad animare il centro storico di Potenza. Anche io condivido, infatti, la petizione in favore dello 0971, il locale al centro di una sterile polemica che vede contrapposti alcuni residenti della zona in cui \u00e8 stata aperta l\u2019attivit\u00e0 ed i tanti clienti che la frequentano. Per evitare il peggio, bisogna chiedere maggiori controlli da parte delle forze dell\u2019ordine ma non si pu\u00f2 certo ostacolare l\u2019iniziativa privata di un giovane lucano, tra gli ultimi pochi che sono rimasti nella propria terra\u201d.<\/span><\/p>\n","protected":false},"excerpt":{"rendered":"<p>\u201cIl mercatino dei poveri, che si sarebbe dovuto spostare davanti porta San Giovanni e per il quale \u00e8 gi\u00e0\u00a0stata approvata la delibera con la previsione &#8230; <\/p>\n","protected":false},"author":1,"featured_media":0,"comment_status":"closed","ping_status":"closed","sticky":false,"template":"single-sidebar.php","format":"standard","meta":{"footnotes":""},"categories":[63],"tags":[],"class_list":["post-5591","post","type-post","status-publish","format-standard","hentry","category-news"],"_links":{"self":[{"href":"https:\/\/archivio.comune.potenza.it\/index.php?rest_route=\/wp\/v2\/posts\/5591"}],"collection":[{"href":"https:\/\/archivio.comune.potenza.it\/index.php?rest_route=\/wp\/v2\/posts"}],"about":[{"href":"https:\/\/archivio.comune.potenza.it\/index.php?rest_route=\/wp\/v2\/types\/post"}],"author":[{"embeddable":true,"href":"https:\/\/archivio.comune.potenza.it\/index.php?rest_route=\/wp\/v2\/users\/1"}],"replies":[{"embeddable":true,"href":"https:\/\/archivio.comune.potenza.it\/index.php?rest_route=%2Fwp%2Fv2%2Fcomments&post=5591"}],"version-history":[{"count":0,"href":"https:\/\/archivio.comune.potenza.it\/index.php?rest_route=\/wp\/v2\/posts\/5591\/revisions"}],"wp:attachment":[{"href":"https:\/\/archivio.comune.potenza.it\/index.php?rest_route=%2Fwp%2Fv2%2Fmedia&parent=5591"}],"wp:term":[{"taxonomy":"category","embeddable":true,"href":"https:\/\/archivio.comune.potenza.it\/index.php?rest_route=%2Fwp%2Fv2%2Fcategories&post=5591"},{"taxonomy":"post_tag","embeddable":true,"href":"https:\/\/archivio.comune.potenza.it\/index.php?rest_route=%2Fwp%2Fv2%2Ftags&post=5591"}],"curies":[{"name":"wp","href":"https:\/\/api.w.org\/{rel}","templated":true}]}}