{"id":5594,"date":"2012-07-16T07:44:21","date_gmt":"2012-07-16T05:44:21","guid":{"rendered":"http:\/\/archivio.comune.potenza.it\/comune_wp\/?p=5594"},"modified":"2012-07-16T07:44:21","modified_gmt":"2012-07-16T05:44:21","slug":"santarsiero-su-primi-dati-censimento-2011","status":"publish","type":"post","link":"https:\/\/archivio.comune.potenza.it\/?p=5594","title":{"rendered":"Santarsiero su primi dati censimento 2011"},"content":{"rendered":"<p style=\"text-align: justify;\"><span style=\"font-family: 'Times New Roman', serif; font-size: 12pt;\">&#8220;Era inevitabile che i primi dati del XV censimento generale relativi alla nostra Regione aprissero una serie riflessione ed un serio confronto su pi\u00f9 questioni.&#8221; Cos\u00ec il Sindaco di Potenza, Vito Santarsiero il quale aggiunge &#8220;b<\/span><span style=\"font-family: 'Times New Roman', serif; font-size: 12pt;\">ene ha fatto il direttore Leporace a lanciare subito il tema ed aprire il dibattito con prime, interessantissime valutazioni. Dal censimento emerge un dato demografico chiaro, mentre in Italia e nel Sud la popolazione cresce da noi \u00e8 in costante calo dal 1961, siamo passati dai 644.000 abitanti di allora ai 579.000 di oggi, vale a dire 65.000 persone in meno, un numero di poco inferiore agli abitanti della citt\u00e0 di Potenza. Non \u00e8 per\u00f2 solo il calo demografico a preoccuparci, pi\u00f9 complessivamente emerge una Regione in difficolt\u00e0 ove calano gli occupati, ci sono pi\u00f9 poveri e c\u2019\u00e8 pi\u00f9 sfiducia. Occorre prendere atto che lo sviluppo non appartiene alla nostra terra <\/span><span style=\"font-family: 'Times New Roman', serif; font-size: 12pt;\">\u00a0<\/span><span style=\"font-family: 'Times New Roman', serif; font-size: 12pt;\">e che l\u2019uscita dalla regioni povere dell\u2019Europa non \u00e8 avvenuta per un progetto di sviluppo in corso dei nostri territori. Decenni di politiche assistenziali destinate a compensare da un lato storiche carenze infrastrutturale e di servizi primari, e dall\u2019altro la totale ed anche qui storica assenza di una cultura imprenditiva hanno consegnato ai tempi moderni una comunit\u00e0 regionale fragile e senza le necessarie dotazioni materiali ed immateriali.<\/span><span style=\"font-family: 'Times New Roman', serif; font-size: 12pt;\">Finita la stagione del sostegno pubblico il re \u00e8 tornato ad essere non solo nudo, ma anche pi\u00f9 povero di prima.\u00a0<\/span><span style=\"font-family: 'Times New Roman', serif; font-size: 12pt;\">E\u2019 questo certamente il risultato del fallimento dell\u2019intervento straordinario del Mezzogiorno, sicuramente gi\u00e0 scritto in un modello di sviluppo centrato sulle esigenze della grande industria del Nord, ma \u00e8 anche il risultato del fallimento delle politiche di ricostruzione post sisma 1980 destinate alla occupazione e allo sviluppo. In una Regione ancora povera ed aggredita anch\u2019essa dalla crisi mondiale non si pu\u00f2 immaginare di lasciare sole fasce di popolazione in condizioni di grave disagio, quindi il sociale in primis. Detto ci\u00f2 &#8211; continua- occorre per\u00f2 utilizzare le risorse disponibili, ivi comprese quelle delle royalty mettendo seriamente mano a quello che \u00e8 mancato: un chiaro progetto che realizzi rapidamente l\u2019Utopia possibile dello sviluppo dei nostri territori. Il cammino \u00e8 complesso, esige il nostro protagonismo locale congiuntamente alla capacit\u00e0 di favorire azioni comuni con le altre regioni del Mezzogiorno e lo Stato centrale per superare deficit infrastrutturali ed avere una comune visione di sviluppo. C\u2019\u00e8 per\u00f2 una precondizione da attuare per tutto ci\u00f2, radicare la cultura della legalit\u00e0, della trasparenza, dell\u2019efficienza e del bene comune nelle nostre popolazioni e soprattutto<\/span><span style=\"font-family: 'Times New Roman', serif; font-size: 12pt;\">\u00a0 <\/span><span style=\"font-family: 'Times New Roman', serif; font-size: 12pt;\">nella Pubblica Amministrazione.<\/span><span style=\"font-family: 'Times New Roman', serif; font-size: 12pt;\">\u00a0 <\/span><span style=\"font-family: 'Times New Roman', serif; font-size: 12pt;\">E\u2019 questo un elemento di grande valore strategico in grado di fare la differenza e quindi di favorire o annullare adeguate politiche di sviluppo. Quello di migliorare il capitale sociale e le reti relazionali \u00e8 una esigenza che deve essere rapidamente ben compresa dalla politica, ancora troppo legata ad organigrammi e bisogni elettorali.<\/span><span style=\"font-family: 'Times New Roman', serif; font-size: 12pt;\">Lo sviluppo locale esige scelte precise, rispetto della cosa pubblica, idea di territorio e delle sue missioni. Non riusciamo a far comprendere quale Basilicata costruiamo, sarebbe bello invece far sapere<\/span><span style=\"font-family: 'Times New Roman', serif; font-size: 12pt;\">\u00a0 <\/span><span style=\"font-family: 'Times New Roman', serif; font-size: 12pt;\">che c\u2019\u00e8 un progetto chiaro, con norme chiare, per cui ogni euro che si spende rafforza l\u2019agricoltura, il turismo, l\u2019ambiente, le nuove energie, la ricerca, l\u2019identit\u00e0 storico culturale.<\/span><span style=\"font-family: 'Times New Roman', serif; font-size: 12pt;\">Sappiamo di dover rafforzare il poli urbani e migliorare il governo delle citt\u00e0, ma anche qui occorrono politiche, scelte ed indirizzi chiari a sostegno di questi percorsi. Come \u00e8 necessario discutere e far meglio comprendere in che modo la scelta dei migranti pu\u00f2 essere una vera opportunit\u00e0 per i nostri paesi e per il loro futuro e non gi\u00e0 una aggressione a identit\u00e0 e localismo.<\/span><span style=\"font-family: 'Times New Roman', serif; font-size: 12pt;\">In ultimo il valore strategico e competitivo della collocazione del Sud nel Mediterraneo. E\u2019 sicuramente questo il contesto naturale, storico culturale ed economico, entro cui attuare il grande sviluppo del Mezzogiorno come \u00e8 questo il contesto per far crescere e rafforzare, economicamente e politicamente l\u2019intero Paese e l\u2019intera Europa. Tocca a noi dirlo &#8211; conclude Santarsiero- ma soprattutto tocca a noi proporre ed avviare politiche. Siamo ad una svolta drammatica, non \u00e8 pi\u00f9 il tempo dei tatticismi e delle attese, \u00e8 il tempo delle scelte e delle azioni.&#8221;\u00a0<\/span><span style=\"font-family: 'Times New Roman', serif; font-size: 12pt;\">\u00a0<\/span><\/p>\n","protected":false},"excerpt":{"rendered":"<p>&#8220;Era inevitabile che i primi dati del XV censimento generale relativi alla nostra Regione aprissero una serie riflessione ed un serio confronto su pi\u00f9 questioni.&#8221; &#8230; <\/p>\n","protected":false},"author":1,"featured_media":0,"comment_status":"closed","ping_status":"closed","sticky":false,"template":"single-sidebar.php","format":"standard","meta":{"footnotes":""},"categories":[63],"tags":[],"class_list":["post-5594","post","type-post","status-publish","format-standard","hentry","category-news"],"_links":{"self":[{"href":"https:\/\/archivio.comune.potenza.it\/index.php?rest_route=\/wp\/v2\/posts\/5594"}],"collection":[{"href":"https:\/\/archivio.comune.potenza.it\/index.php?rest_route=\/wp\/v2\/posts"}],"about":[{"href":"https:\/\/archivio.comune.potenza.it\/index.php?rest_route=\/wp\/v2\/types\/post"}],"author":[{"embeddable":true,"href":"https:\/\/archivio.comune.potenza.it\/index.php?rest_route=\/wp\/v2\/users\/1"}],"replies":[{"embeddable":true,"href":"https:\/\/archivio.comune.potenza.it\/index.php?rest_route=%2Fwp%2Fv2%2Fcomments&post=5594"}],"version-history":[{"count":0,"href":"https:\/\/archivio.comune.potenza.it\/index.php?rest_route=\/wp\/v2\/posts\/5594\/revisions"}],"wp:attachment":[{"href":"https:\/\/archivio.comune.potenza.it\/index.php?rest_route=%2Fwp%2Fv2%2Fmedia&parent=5594"}],"wp:term":[{"taxonomy":"category","embeddable":true,"href":"https:\/\/archivio.comune.potenza.it\/index.php?rest_route=%2Fwp%2Fv2%2Fcategories&post=5594"},{"taxonomy":"post_tag","embeddable":true,"href":"https:\/\/archivio.comune.potenza.it\/index.php?rest_route=%2Fwp%2Fv2%2Ftags&post=5594"}],"curies":[{"name":"wp","href":"https:\/\/api.w.org\/{rel}","templated":true}]}}