{"id":5603,"date":"2012-07-16T16:33:34","date_gmt":"2012-07-16T14:33:34","guid":{"rendered":"http:\/\/archivio.comune.potenza.it\/comune_wp\/?p=5603"},"modified":"2012-07-16T16:33:34","modified_gmt":"2012-07-16T14:33:34","slug":"santarsiero-assurdo-e-gravissimo-mezzogiorno-fuori-da-priorita-del-fondo-innovazione","status":"publish","type":"post","link":"https:\/\/archivio.comune.potenza.it\/?p=5603","title":{"rendered":"Santarsiero:assurdo e gravissimo Mezzogiorno fuori da priorit\u00e0 del Fondo Innovazione"},"content":{"rendered":"<p style=\"text-align: justify;\">&#8220;Assurdo e gravissimo. Il Mezzogiorno fuori dalle priorit\u00e0 del nuovo Fondo per l&#8217;innovazione tecnologica, istituito dal dl sviluppo, rappresenta non solo la riprova di una totale assenza di politiche per il Mezzogiorno\u00a0 ma anche l\u2019assoluta cecit\u00e0 dei nostri governanti e della Lega Nord che continuano ad avere una visione miope e antistorica delle politiche di sviluppo nazionale.\u201d<br \/>Cos\u00ec il Sindaco di Potenza, delegato Anci per il Mezzogiorno Vito Santarsiero dopo l\u2019approvazione di un emendamento della Lega Nord da parte delle Commissioni Attivit\u00e0 Produttive e Finanza della Camera.<br \/>\u201cE\u2019 appena il caso di ricordare \u2013 aggiunge Santarsiero- che gli investimenti in ricerca ed innovazione sono fondamentali nel Sud e che su 100 euro spesi in tale ambito\u00a0 solo 21 interessano il Mezzogiorno e che su 100 persone che vi operano solo 19 sono impegnate nel Sud; senza tener conto dello scarsissimo legame che la ricerca ha con le imprese nel Mezzogiorno. Trattasi di investimenti ben lontani sia dai dati fisiologici (38%) sia da quelli programmati (45%) destinati al Sud. E\u2019 incredibile che invece di rafforzare tali politiche nel Sud, le stesse vengono depotenziate. Non \u00e8 questa la strada per lo sviluppo del Sud e del Paese e non sar\u00e0 questa la strada che aiuter\u00e0 lo stesso Nord. E\u2019 questa invece la strada che fa arretrare tutti. Ci sia un sussulto delle Forze Democratiche e di tutti i Parlamentari del Sud.\u201d<\/p>\n","protected":false},"excerpt":{"rendered":"<p>&#8220;Assurdo e gravissimo. Il Mezzogiorno fuori dalle priorit\u00e0 del nuovo Fondo per l&#8217;innovazione tecnologica, istituito dal dl sviluppo, rappresenta non solo la riprova di una &#8230; <\/p>\n","protected":false},"author":1,"featured_media":0,"comment_status":"closed","ping_status":"closed","sticky":false,"template":"single-sidebar.php","format":"standard","meta":{"footnotes":""},"categories":[63],"tags":[],"class_list":["post-5603","post","type-post","status-publish","format-standard","hentry","category-news"],"_links":{"self":[{"href":"https:\/\/archivio.comune.potenza.it\/index.php?rest_route=\/wp\/v2\/posts\/5603"}],"collection":[{"href":"https:\/\/archivio.comune.potenza.it\/index.php?rest_route=\/wp\/v2\/posts"}],"about":[{"href":"https:\/\/archivio.comune.potenza.it\/index.php?rest_route=\/wp\/v2\/types\/post"}],"author":[{"embeddable":true,"href":"https:\/\/archivio.comune.potenza.it\/index.php?rest_route=\/wp\/v2\/users\/1"}],"replies":[{"embeddable":true,"href":"https:\/\/archivio.comune.potenza.it\/index.php?rest_route=%2Fwp%2Fv2%2Fcomments&post=5603"}],"version-history":[{"count":0,"href":"https:\/\/archivio.comune.potenza.it\/index.php?rest_route=\/wp\/v2\/posts\/5603\/revisions"}],"wp:attachment":[{"href":"https:\/\/archivio.comune.potenza.it\/index.php?rest_route=%2Fwp%2Fv2%2Fmedia&parent=5603"}],"wp:term":[{"taxonomy":"category","embeddable":true,"href":"https:\/\/archivio.comune.potenza.it\/index.php?rest_route=%2Fwp%2Fv2%2Fcategories&post=5603"},{"taxonomy":"post_tag","embeddable":true,"href":"https:\/\/archivio.comune.potenza.it\/index.php?rest_route=%2Fwp%2Fv2%2Ftags&post=5603"}],"curies":[{"name":"wp","href":"https:\/\/api.w.org\/{rel}","templated":true}]}}