{"id":5610,"date":"2012-07-17T11:38:28","date_gmt":"2012-07-17T09:38:28","guid":{"rendered":"http:\/\/archivio.comune.potenza.it\/comune_wp\/?p=5610"},"modified":"2012-07-17T11:38:28","modified_gmt":"2012-07-17T09:38:28","slug":"spending-review-santarsiero-tagli-lineari-e-norme-senza-visione-unitaria-legittima-protesta-sindaci","status":"publish","type":"post","link":"https:\/\/archivio.comune.potenza.it\/?p=5610","title":{"rendered":"Spending review- Santarsiero: \u201cTagli lineari e norme senza visione unitaria, legittima protesta Sindaci\u201d"},"content":{"rendered":"<p style=\"text-align: justify;\"><span style=\"font-size: 12.0pt; font-family: 'Times New Roman','serif';\">\u201cCi aspettavamo un provvedimento che, in maniera organica ed unitaria, intervenisse sulla P.a., con una razionalizzazione mirata della spesa. Invece, ci troviamo di fronte ad un provvedimento fatto di tante singole azioni, peraltro del tutto prive di un chiaro percorso. La protesta dei Comuni \u00e8 pi\u00f9 che mai legittima\u201d. Lo afferma Vito Santarsiero, sindaco di Potenza e delegato Anci al Mezzogiorno in vista della manifestazione che l\u2019Anci ha promosso per il 24 luglio davanti al Senato per sollecitare una modifica del decreto sulla <em>spending review<\/em>.<br \/><\/span><span style=\"font-family: 'Times New Roman', serif; font-size: 12pt;\">\u201cI Comuni continuano ad essere danneggiati non soltanto dai tagli &#8211; 500 milioni di euro quest\u2019anno e 2 miliardi nel 2013 &#8211; che sempre pi\u00f9 si caratterizzano come tagli \u2018lineari\u2019, ma restano \u2013aggiunge &#8211; penalizzati da norme confuse che riguardano momenti fondamentali della vita amministrativa\u201d. Misure \u201cche &#8211; fa presente Santarsiero &#8211; si continuano incredibilmente a definire senza incontri preliminari, e senza chiedere alla stessa Anci un coinvolgimento attivo\u201d.<br \/><\/span><span style=\"font-family: 'Times New Roman', serif; font-size: 12pt;\">In questo contesto per il delegato Anci, la \u201cnostra protesta si caratterizza sempre pi\u00f9 per chiedere il rispetto del titolo V della Costituzione ed un federalismo vero, in linea con la legge 42 del 2009, e non un\u2019azione caratterizzata solo da \u2018tagli\u2019 e norme incomprensibili come il patto di stabilit\u00e0\u201d.<br \/><\/span><span style=\"font-family: 'Times New Roman', serif; font-size: 12pt;\">Insomma per Santarsiero il panorama per i Comuni \u00e8 molto triste, nonostante alcune norme positive come quelle sulle citt\u00e0 metropolitane, frutto pi\u00f9 che altro di una volont\u00e0 di riduzione delle Province. \u201cBisogna insistere con la protesta per ottenere norme che rilancino l\u2019azione amministrativa dei Comuni e quindi l\u2019azione a favore dei cittadini\u201d, ribadisce. \u201cSe si continuano ad ignorare elementi base sulla vita amministrativa dei Comuni, si rischia la continuit\u00e0 stessa dei servizi essenziali. Uno scenario sempre pi\u00f9 realistico, tanto pi\u00f9 nel Mezzogiorno dove \u2013 conclude Santarsiero \u2013 la situazione continua a peggiorare in maniera drammatica\u201d.<\/span><\/p>\n","protected":false},"excerpt":{"rendered":"<p>\u201cCi aspettavamo un provvedimento che, in maniera organica ed unitaria, intervenisse sulla P.a., con una razionalizzazione mirata della spesa. Invece, ci troviamo di fronte ad &#8230; <\/p>\n","protected":false},"author":1,"featured_media":0,"comment_status":"closed","ping_status":"closed","sticky":false,"template":"single-sidebar.php","format":"standard","meta":{"footnotes":""},"categories":[63],"tags":[],"class_list":["post-5610","post","type-post","status-publish","format-standard","hentry","category-news"],"_links":{"self":[{"href":"https:\/\/archivio.comune.potenza.it\/index.php?rest_route=\/wp\/v2\/posts\/5610"}],"collection":[{"href":"https:\/\/archivio.comune.potenza.it\/index.php?rest_route=\/wp\/v2\/posts"}],"about":[{"href":"https:\/\/archivio.comune.potenza.it\/index.php?rest_route=\/wp\/v2\/types\/post"}],"author":[{"embeddable":true,"href":"https:\/\/archivio.comune.potenza.it\/index.php?rest_route=\/wp\/v2\/users\/1"}],"replies":[{"embeddable":true,"href":"https:\/\/archivio.comune.potenza.it\/index.php?rest_route=%2Fwp%2Fv2%2Fcomments&post=5610"}],"version-history":[{"count":0,"href":"https:\/\/archivio.comune.potenza.it\/index.php?rest_route=\/wp\/v2\/posts\/5610\/revisions"}],"wp:attachment":[{"href":"https:\/\/archivio.comune.potenza.it\/index.php?rest_route=%2Fwp%2Fv2%2Fmedia&parent=5610"}],"wp:term":[{"taxonomy":"category","embeddable":true,"href":"https:\/\/archivio.comune.potenza.it\/index.php?rest_route=%2Fwp%2Fv2%2Fcategories&post=5610"},{"taxonomy":"post_tag","embeddable":true,"href":"https:\/\/archivio.comune.potenza.it\/index.php?rest_route=%2Fwp%2Fv2%2Ftags&post=5610"}],"curies":[{"name":"wp","href":"https:\/\/api.w.org\/{rel}","templated":true}]}}